{"id":2220,"date":"2022-04-11T08:56:06","date_gmt":"2022-04-11T06:56:06","guid":{"rendered":"https:\/\/pactuell.com\/en\/?p=2220"},"modified":"2022-04-11T08:56:06","modified_gmt":"2022-04-11T06:56:06","slug":"climate-strategy-at-uhlmann","status":"publish","type":"post","link":"https:\/\/pactuell.com\/en\/climate-strategy-at-uhlmann\/","title":{"rendered":"Bye bye, CO2!"},"content":{"rendered":"<p>Carolyn Leung is Sustain\u00adability Manager and, together with trainee Lea Steilen, ensures that the Uhlmann Group does its utmost to protect our planet. Since October, the two have been devel\u00adoping our Group-wide climate strategy together with repre\u00adsen\u00adta\u00adtives from the Group compa\u00adnies. \u201cEmbedded in our 4ward25 strategy, we are thus laying the foun\u00adda\u00adtion for Group-wide collab\u00ado\u00adra\u00adtion to install an over\u00adar\u00adching climate strategy for the Uhlmann Group,\u201d says Leung.<\/p>\n<p>The fact that Uhlmann is taking this issue so seri\u00adously is not purely out of a sense of moral oblig\u00ada\u00adtion. Today, sustain\u00adable prac\u00adtices give compa\u00adnies a compet\u00adi\u00adtive edge: \u201cThis issue is high on the agenda of all customers from the phar\u00adma\u00adceu\u00adtical, food, and consumer goods indus\u00adtries, and some\u00adthing they actively seek,\u201d explains Lea Steilen.<\/p>\n<blockquote>\n<p style=\"text-align: center;\">Customers seek this issue actively.<\/p>\n<p style=\"text-align: center;\"><cite>Lea Steilen, Trainee Sustain\u00adability Manage\u00adment<\/cite><\/p>\n<\/blockquote>\n<h3>Collecting data<\/h3>\n<p>But how do you go about devel\u00adoping a climate strategy? \u201cThe first step we took was to hold work\u00adshops and discuss this issue with the managing direc\u00adtors of the indi\u00advidual Group compa\u00adnies,\u201d says Leung. The next step involved appointing so-called \u201cCarbon Managers\u201d for each Group Company. Their job is to collect and eval\u00aduate rele\u00advant data from the indi\u00advidual compa\u00adnies, like on CO2 emis\u00adsions. Because we can only take appro\u00adpriate action if we can iden\u00adtify where and just how much CO2 is being emitted by each company.<br>\nBased on the emis\u00adsions, ambi\u00adtion levels are then set for the indi\u00advidual sites and the company as a whole. This is done in tandem with the company manage\u00adment. Project Manager Leung and Lea Steilen them\u00adselves each have a dual func\u00adtion: \u201cFirstly, we ourselves are the Sustain\u00adability and Carbon Managers for Uhlmann Pac-Systeme. And secondly, we also manage the climate strategy project for the entire Group,\u201d says Steilen.<\/p>\n<figure id=\"attachment_5220\" aria-describedby=\"caption-attachment-5220\" style=\"width: 680px\" class=\"wp-caption aligncenter\"><img loading=\"lazy\" decoding=\"async\" class=\"wp-image-5220 size-medium\" src=\"https:\/\/pactuell.com\/de\/wp-content\/uploads\/sites\/2\/2022\/03\/Klimastrategie-Team-680x398.jpg\" alt width=\"680\" height=\"398\"><figcaption id=\"caption-attachment-5220\" class=\"wp-caption-text\">The team (upper left to bottom right): Alan Delgado (KUT), Carsten Ehlend (KDE), Flavio Masago (UBR), Freek Voogt (Cremer), Jimmy Xue (WCN), Pawe\u0142 Knapek (APL), Emma M\u00e5ne\u00adski\u00f6ld (USE), Micha\u0142 Szczeci\u0144ski (APL), Carolyn Leung, Filip Rapi\u0144ski (APL), Markus Efer\u00addinger (KUS), Wong Yeow Kong (USG), Karl Braig (ADE), Lea Steilen, Mateusz Sokolowski (APL), Meike Miller, Matthias Kaiser (UDE), Mateusz Rusek (APL). Not pictured: Udayraj Kalkundre und Sumeet Arora (UIN), Robert Olichv (UUS).<\/figcaption><\/figure>\n<h3>Ambi\u00adtious goals for climate protec\u00adtion<\/h3>\n<p>The strategy should be in place by the end of the busi\u00adness year, i.e., on March 31. However, it is not intended to be a rigid frame\u00adwork, as Steilen says: \u201cWe are aware that external circum\u00adstances can vary greatly from one Group Company to the next. That\u2019s why we want to allow as much flex\u00adi\u00adbility as possible in imple\u00admenting the indi\u00advidual climate protec\u00adtion measures.\u201d While other compa\u00adnies rely, say, on offset\u00adting their CO2 emis\u00adsions by purchasing \u201cpollu\u00adtion licenses\u201d, the Uhlmann Group is clearly committed to avoiding the green\u00adhouse gas wher\u00adever possible. \u201cWe want to do it right first time,\u201d says Steilen.<\/p>\n<p>To achieve this, the team is looking at three areas, known as scopes: Scope 1 covers emis\u00adsions that occur directly within the company \u2013 for example, those from our vehicle fleet. Scope 2 relates to indi\u00adrect emis\u00adsions, such as those caused by the gener\u00ada\u00adtion of purchased energy. Finally, Scope 3 deals with emis\u00adsions that occur in upstream or down\u00adstream processes, for example in the purchase of mate\u00adrials, in logis\u00adtics and in the oper\u00ada\u00adtion of machinery. \u201cThe biggest chal\u00adlenge is to collect the Scope 3 emis\u00adsions,\u201d says Leung. \u201cSo at present we are analyzing the value chain and deter\u00admining where and exactly what emis\u00adsions are gener\u00adated. We will then use these to develop an appro\u00adpriate emis\u00adsions reduc\u00adtion plan.\u201d<\/p>\n<h3>Raising employee aware\u00adness<\/h3>\n<p>And what can the indi\u00advidual enti\u00adties do to support this? \u201cA large part of our work is about raising aware\u00adness among employees, because every depart\u00adment must play an active role in the trans\u00adfor\u00adma\u00adtion.<br>\nTo reduce upstream and down\u00adstream emis\u00adsions, for example, it is essen\u00adtial to work closely with suppliers and system\u00adat\u00adi\u00adcally analyze supply chains,\u201d explains Leung. \u201cAs a company, we are also respon\u00adsible for the emis\u00adsions that are gener\u00adated by the supplier \u2013 from the extrac\u00adtion and processing of raw mate\u00adrials right down to the trans\u00adporta\u00adtion and delivery of goods to our sites. Inci\u00adden\u00adtally, the way we design our own prod\u00aducts can have a sustain\u00adable impact on lowering emis\u00adsions in the supply chain, in manu\u00adfac\u00adturing and during oper\u00ada\u00adtion.\u201d<\/p>\n<div class=\"wpcmsdev-box\">\n<h3 class=\"box-title\">Commit\u00adment to sustain\u00adability at Uhlmann<\/h3>\n<div class=\"box-content\">\n<p><img loading=\"lazy\" decoding=\"async\" class=\"img-round aligncenter wp-image-2223 size-full\" src=\"https:\/\/pactuell.com\/en\/wp-content\/uploads\/sites\/3\/2022\/03\/Leung.jpg\" alt width=\"300\" height=\"300\"><\/p>\n<p>Carolyn Leung joined Uhlmann in October 2021. As Sustain\u00adability Manager, she can draw from the expe\u00adri\u00adence gained at other compa\u00adnies where she worked in a similar role. Her job and that of the extended sustain\u00adability team is to use the climate strategy to make Uhlmann more sustain\u00adable in all<br>\nareas of the Group.<\/p>\n<p><img loading=\"lazy\" decoding=\"async\" class=\"img-round aligncenter wp-image-2224 size-full\" src=\"https:\/\/pactuell.com\/en\/wp-content\/uploads\/sites\/3\/2022\/03\/Steilen.jpg\" alt width=\"300\" height=\"300\"><\/p>\n<p>Lea Steilen started off at Uhlmann as a trainee in September 2021 after completing her bachelor\u2019s degree in Envi\u00adron\u00admental and Busi\u00adness Manage\u00adment. Her strategic focus is on assessing the carbon foot\u00adprint of our prod\u00aducts.<\/p>\n<p>The Uhlmann Pac Systeme Sustain\u00adability Manage\u00adment team reports to Matthias Kaiser, Director Port\u00adfolio Strategy, Marketing &amp; Sustain\u00adability.<\/p>\n<\/div>\n<\/div>\n","protected":false},"excerpt":{"rendered":"<p>Carolyn Leung and Lea Steilen are on the hunt for harmful green\u00adhouse gases, and are devel\u00adoping a climate strategy for the entire Uhlmann Group. [\u2026]<\/p>\n<p><a class=\"btn btn-secondary understrap-read-more-link\" href=\"https:\/\/pactuell.com\/en\/climate-strategy-at-uhlmann\/\">Read More\u2026<span class=\"screen-reader-text\"> from Bye bye, CO2!<\/span><\/a><\/p>\n","protected":false},"author":4,"featured_media":2229,"comment_status":"closed","ping_status":"closed","sticky":false,"template":"","format":"standard","meta":{"_acf_changed":false,"wp_typography_post_enhancements_disabled":false,"footnotes":""},"categories":[1],"tags":[],"class_list":["post-2220","post","type-post","status-publish","format-standard","has-post-thumbnail","hentry","category-pactuell"],"acf":[],"_links":{"self":[{"href":"https:\/\/pactuell.com\/en\/wp-json\/wp\/v2\/posts\/2220","targetHints":{"allow":["GET"]}}],"collection":[{"href":"https:\/\/pactuell.com\/en\/wp-json\/wp\/v2\/posts"}],"about":[{"href":"https:\/\/pactuell.com\/en\/wp-json\/wp\/v2\/types\/post"}],"author":[{"embeddable":true,"href":"https:\/\/pactuell.com\/en\/wp-json\/wp\/v2\/users\/4"}],"replies":[{"embeddable":true,"href":"https:\/\/pactuell.com\/en\/wp-json\/wp\/v2\/comments?post=2220"}],"version-history":[{"count":9,"href":"https:\/\/pactuell.com\/en\/wp-json\/wp\/v2\/posts\/2220\/revisions"}],"predecessor-version":[{"id":2233,"href":"https:\/\/pactuell.com\/en\/wp-json\/wp\/v2\/posts\/2220\/revisions\/2233"}],"wp:featuredmedia":[{"embeddable":true,"href":"https:\/\/pactuell.com\/en\/wp-json\/wp\/v2\/media\/2229"}],"wp:attachment":[{"href":"https:\/\/pactuell.com\/en\/wp-json\/wp\/v2\/media?parent=2220"}],"wp:term":[{"taxonomy":"category","embeddable":true,"href":"https:\/\/pactuell.com\/en\/wp-json\/wp\/v2\/categories?post=2220"},{"taxonomy":"post_tag","embeddable":true,"href":"https:\/\/pactuell.com\/en\/wp-json\/wp\/v2\/tags?post=2220"}],"curies":[{"name":"wp","href":"https:\/\/api.w.org\/{rel}","templated":true}]}}