{"id":7112,"date":"2023-07-25T14:19:58","date_gmt":"2023-07-25T12:19:58","guid":{"rendered":"https:\/\/pactuell.com\/de\/?p=7112"},"modified":"2023-09-13T13:49:09","modified_gmt":"2023-09-13T11:49:09","slug":"joint-venture-auf-dem-rasen","status":"publish","type":"post","link":"https:\/\/pactuell.com\/de\/joint-venture-auf-dem-rasen\/","title":{"rendered":"Joint Venture auf dem Rasen"},"content":{"rendered":"<p><span style=\"background-color: var(--bs-body-bg); text-align: var(--bs-body-text-align);\">Ein Fu\u00dfball\u00adtur\u00adnier bei Nacht gab es damals noch nicht. Und so riefen zwei Schul\u00adfreunde eins ins Leben \u2013 Martin Halder von der Erwin Halder KG und Karl\u00adheinz K\u00f6sling von Uhlmann Pac-Systeme. Der Uhlmann-Halder-Cup war geboren.&nbsp;<\/span><\/p>\n<p><span style=\"background-color: var(--bs-body-bg); text-align: var(--bs-body-text-align);\">Die teil\u00adneh\u00admenden Mann\u00adschaften <\/span><span style=\"background-color: var(--bs-body-bg); text-align: var(--bs-body-text-align);\">sind Firmen aus der Region und \u00fcber die Land\u00adkreis\u00adgrenze hinaus, teil\u00adweise sogar aus dem Ausland, darunter auch Kunden und Liefe\u00adranten beider Veran\u00adstalter. Manche Firmen sind regel\u00adm\u00e4\u00dfig am Start und somit schon seit Jahr\u00adzehnten dabei. Gespielt wird<\/span><span style=\"background-color: var(--bs-body-bg); text-align: var(--bs-body-text-align);\"> in 4 Gruppen gegen\u00adein\u00adander, ein Spiel dauert 10 Minuten. Turnier\u00adbe\u00adginn ist um 18h, die Endspiele werden unter Flut\u00adlicht ausge\u00adtragen, was das Turnier so beson\u00adders macht.&nbsp;<\/span><\/p>\n<blockquote>\n<p style=\"text-align: center;\">Der Uhlmann-Halder-Cup ist tradi\u00adtio\u00adnell bestens orga\u00adni\u00adsiert und bietet die M\u00f6glich\u00adkeit sich mit Kollegen aus unter\u00adschied\u00adli\u00adchen Abtei\u00adlungen auszu\u00adtau\u00adschen.<\/p>\n<p style=\"text-align: center;\"><cite>Michael M\u00fcller, Design Engi\u00adneer und Team-Manager Uhlmann-Halder-Cup<\/cite><\/p>\n<\/blockquote>\n<p><span style=\"background-color: var(--bs-body-bg); text-align: var(--bs-body-text-align);\">In diesem Jahr konnte das Team von Uhlmann, eine bunt gemischte Truppe aus unter\u00adschied\u00adli\u00adchen Berufs\u00adgruppen und Berei\u00adchen (Azubis, Studenten, Qualit\u00e4t, Montage und Konstruk\u00adtion), in diesem Klein\u00adfeld-Fu\u00dfball\u00adtur\u00adnier einen hervor\u00adra\u00adgenden 3. Platz belegen! Die Vorrunde wurde souver\u00e4n mit 5 Siegen und einem Torver\u00adh\u00e4ltnis von 26:1 als Grup\u00adpen\u00adsieger beendet. Nach dem 6:0 Vier\u00adtel\u00adfi\u00adnale gegen S\u00fcdpack aus Ochsen\u00adhausen folgte im Halb\u00adfi\u00adnale leider eine 1:3 Nieder\u00adlage gegen den sp\u00e4teren Turnier\u00adsieger Zeba aus Wain. <\/span>Der 3. Platz wurde dann durch ein 6:0 gegen K\u00e4ss\u00adbohrer gesi\u00adchert.&nbsp;<\/p>\n<blockquote>\n<p style=\"text-align: center;\">Beson\u00adders gef\u00e4llt mir, dass wir hier gemeinsam Gesicht zeigen und gegen andere Firmen antreten k\u00f6nnen. N\u00e4chstes Jahr greifen wir wieder an!<\/p>\n<p style=\"text-align: center;\"><cite>Fabian Bogen\u00adrieder, Design Engi\u00adneer und Team-Manager Uhlmann-Halder-Cup<\/cite><\/p>\n<\/blockquote>\n<p>Nach dem Turnier ist vor dem Turnier! Das Inter\u00adesse, als Fu\u00dfballer dabei zu sein, ist gro\u00df und viele lang\u00adj\u00e4h\u00adrige und j\u00e4hr\u00adlich neue Kicker freuen sich schon auf\u2019s n\u00e4chste Turnier.&nbsp;<\/p>\n<p><span style=\"background-color: var(--bs-body-bg); text-align: var(--bs-body-text-align);\">Und wir treffen uns im n\u00e4chsten Jahr viel\u00adleicht auch zum Anfeuern auf dem Gel\u00e4nde der Sport\u00adfreunde Bronnen?! Wie man so h\u00f6rt, sollen die Verpfle\u00adgung und die eben\u00adfalls tradi\u00adtio\u00adnelle After-Work-Party im Anschluss nicht schlecht sein \ud83d\ude09<\/span><\/p>\n<blockquote>\n<p style=\"text-align: center;\">Unser Team hat ein klasse Turnier gespielt!<\/p>\n<p style=\"text-align: center;\"><cite>Karl\u00adheinz K\u00f6sling, Design Engi\u00adneer und Orga\u00adni\u00adsator Uhlmann-Halder-Cup<\/cite><\/p>\n<\/blockquote>\n<figure id=\"attachment_7113\" aria-describedby=\"caption-attachment-7113\" style=\"width: 2560px\" class=\"wp-caption alignnone\"><img loading=\"lazy\" decoding=\"async\" class=\"wp-image-7113 size-full\" src=\"https:\/\/pactuell.com\/de\/wp-content\/uploads\/sites\/2\/2023\/07\/U-H-2023-Uhlmann-scaled.jpg\" alt width=\"2560\" height=\"1707\" srcset=\"https:\/\/pactuell.com\/de\/wp-content\/uploads\/sites\/2\/2023\/07\/U-H-2023-Uhlmann-scaled.jpg 2560w, https:\/\/pactuell.com\/de\/wp-content\/uploads\/sites\/2\/2023\/07\/U-H-2023-Uhlmann-680x453.jpg 680w, https:\/\/pactuell.com\/de\/wp-content\/uploads\/sites\/2\/2023\/07\/U-H-2023-Uhlmann-980x653.jpg 980w, https:\/\/pactuell.com\/de\/wp-content\/uploads\/sites\/2\/2023\/07\/U-H-2023-Uhlmann-768x512.jpg 768w, https:\/\/pactuell.com\/de\/wp-content\/uploads\/sites\/2\/2023\/07\/U-H-2023-Uhlmann-1536x1024.jpg 1536w, https:\/\/pactuell.com\/de\/wp-content\/uploads\/sites\/2\/2023\/07\/U-H-2023-Uhlmann-2048x1365.jpg 2048w, https:\/\/pactuell.com\/de\/wp-content\/uploads\/sites\/2\/2023\/07\/U-H-2023-Uhlmann-1800x1200.jpg 1800w\" sizes=\"auto, (max-width: 2560px) 100vw, 2560px\"><figcaption id=\"caption-attachment-7113\" class=\"wp-caption-text\">Das junge Uhlmann-Team hat Poten\u00adzial f\u00fcr die Zukunft: (von links oben nach rechts unten): Fabian Bogen\u00adrieder, David Egle, Cedric Welz, Noah Blersch, Michael M\u00fcller, Daniel Egle, Simon Schwarz, Johannes Bohner, Felix Schef\u00adfold<\/figcaption><\/figure>\n<p>&nbsp;<\/p>\n<div class=\"wpcmsdev-box\">\n<div class=\"box-content\">\n<h2 style=\"text-align: center;\">Uhlmann-Halder-Cup&nbsp;&nbsp;<\/h2>\n<blockquote class=\"no-cite no-quotes no-abstand\">\n<p><strong><big><i class=\"wpcmsdev-icon fa fa-handshake-o\"><\/i><\/big><\/strong><\/p>\n<\/blockquote>\n<p style=\"text-align: center;\">Tradi\u00adtio\u00adnelles Klein\u00adfeld-Fu\u00dfball\u00adtur\u00adnier f\u00fcr Betriebs\u00admann\u00adschaften&nbsp;<\/p>\n<p>&nbsp;<\/p>\n<blockquote class=\"no-cite no-quotes\">\n<p><strong><big>24 Mann\u00adschaften&nbsp;<\/big><\/strong><br>\nnahmen insge\u00adsamt teil mit jeweils einem Torwart und 5 Feld\u00adspie\u00adlern&nbsp;&nbsp;<\/p>\n<\/blockquote>\n<blockquote>\n<p>Jermi K\u00e4se\u00adwerk GmbH, Laup\u00adheim-Baustetten \/ Max Weis\u00adhaupt GmbH, Schwendi \/ Rayher Hobby GmbH, Laup\u00adheim \/ HoGaKa Profi GmbH, Ulm \/ Garten\u00adge\u00adstal\u00adtung Zeba, Wain \/ R\u00f6ch\u00adling Indus\u00adtrial Laup\u00adheim GmbH, Burg\u00adrieden \/ LiCON GmbH &amp; Co. KG; Laup\u00adheim \/ Diehl Avia\u00adtion &nbsp;Laup\u00adheim GmbH, Laup\u00adheim \/ Neuberger Geb\u00e4u\u00adde\u00adau\u00adto\u00adma\u00adtion GmbH, Rothen\u00adburg ob der Tauber \/ Zimmer\u00admann Stall\u00adtechnik Vertriebs GmbH, Ober\u00ades\u00adsen\u00addorf \/ Gardena GmbH, Ulm \/ KaVo Dental, Biberach \/ Uhlmann Pac-Systeme GmbH &amp; Co. KG, Laup\u00adheim \/ clean\u00adteam GmbH &amp; Co.KG, Laup\u00adheim \/ Haupt\u00adzollamt Ulm \/ Rent\u00adschler Biopharma SE, Laup\u00adheim \/ K\u00e4ss\u00adbohrer Gel\u00e4n\u00adde\u00adfahr\u00adzeug AG, Laup\u00adheim \/ Erwin Halder KG, Bronnen \/ W\u00f6lfle GmbH, Ochsen\u00adhausen \/ Vetter Pharma, Ravens\u00adburg \/ S\u00fcdpack Verpa\u00adckungen GmbH &amp; Co. KG, Ochsen\u00adhausen \/ B\u00f6hringer Ingel\u00adheim, Biberach<\/p>\n<\/blockquote>\n<p>&nbsp;<\/p>\n<blockquote class=\"no-cite no-quotes\">\n<p><strong style=\"background-color: var(--bs-body-bg); text-align: var(--bs-body-text-align);\">Termin + Veran\u00adstal\u00adtungsort<\/strong><\/p>\n<\/blockquote>\n<blockquote class=\"no-cite no-quotes\">\n<p>30.06.2023<\/p>\n<p>Sport\u00adge\u00adl\u00e4nde der Sport\u00adfreunde Bronnen<\/p>\n<p>&nbsp;<\/p>\n<p><strong><big>24<\/big><\/strong><br>\nKollegen aus einer j\u00e4hr\u00adlich wach\u00adsenden Teil\u00adneh\u00admer\u00adliste d\u00fcrfen am Turnier teil\u00adnehmen<\/p>\n<p>&nbsp;<\/p>\n<blockquote class=\"no-cite no-quotes no-abstand\">\n<p><strong><big><i class=\"wpcmsdev-icon fa fa-heart\"><\/i><\/big><\/strong><\/p>\n<\/blockquote>\n<p style=\"text-align: center;\">10 mal war Uhlmann unter den ersten 3 Mann\u00adschaften<\/p>\n<p>&nbsp;<\/p>\n<blockquote class=\"no-cite no-quotes no-abstand\">\n<p><strong><big><i class=\"wpcmsdev-icon fa fa-trophy\"><\/i><\/big><\/strong><\/p>\n<\/blockquote>\n<p style=\"text-align: center;\"><span style=\"background-color: var(--bs-body-bg); text-align: var(--bs-body-text-align);\">1. Platz: Garten\u00adge\u00adstal\u00adtung Zeba, Wain&nbsp; &nbsp; &nbsp; <\/span><\/p>\n<p style=\"text-align: center;\"><span style=\"background-color: var(--bs-body-bg); text-align: var(--bs-body-text-align);\">2. Platz: Rayher Hobby GmbH, Laup\u00adheim<\/span><\/p>\n<p style=\"text-align: center;\"><span style=\"background-color: var(--bs-body-bg); text-align: var(--bs-body-text-align);\">3. Platz: Uhlmann Pac-Systeme, Laup\u00adheim<\/span><\/p>\n<p>&nbsp;<\/p>\n<p style=\"text-align: center;\"><span style=\"background-color: var(--bs-body-bg); text-align: var(--bs-body-text-align);\"><\/span><\/p>\n<\/blockquote><\/div>\n<\/div>\n<p><\/p>\n<div class=\"mgznkr-img-slider slides slider-classic size-large slider-cropped w-980\" id=\"mgznkr-img-slider-_7230_7232_7260_7233_7234_7228_7229\">\n<div class=\"slide-1\"><div class=\" slide-img-crop\"><img loading=\"lazy\" decoding=\"async\" width=\"980\" height=\"653\" src=\"https:\/\/pactuell.com\/de\/wp-content\/uploads\/sites\/2\/2023\/07\/HalderCup-04-980x653.jpg\" class=\"attachment-large size-large  slide-img-crop\" alt srcset=\"https:\/\/pactuell.com\/de\/wp-content\/uploads\/sites\/2\/2023\/07\/HalderCup-04-980x653.jpg 980w, https:\/\/pactuell.com\/de\/wp-content\/uploads\/sites\/2\/2023\/07\/HalderCup-04-680x453.jpg 680w, https:\/\/pactuell.com\/de\/wp-content\/uploads\/sites\/2\/2023\/07\/HalderCup-04-768x512.jpg 768w, https:\/\/pactuell.com\/de\/wp-content\/uploads\/sites\/2\/2023\/07\/HalderCup-04-1536x1024.jpg 1536w, https:\/\/pactuell.com\/de\/wp-content\/uploads\/sites\/2\/2023\/07\/HalderCup-04.jpg 1800w\" sizes=\"auto, (max-width: 980px) 100vw, 980px\"><\/div><p>Unser Team vor dem Spiel<\/p><\/div>\n<div class=\"slide-2\"><div class=\" slide-img-crop\"><img loading=\"lazy\" decoding=\"async\" width=\"980\" height=\"653\" src=\"https:\/\/pactuell.com\/de\/wp-content\/uploads\/sites\/2\/2023\/07\/HalderCup-06-980x653.jpg\" class=\"attachment-large size-large  slide-img-crop\" alt srcset=\"https:\/\/pactuell.com\/de\/wp-content\/uploads\/sites\/2\/2023\/07\/HalderCup-06-980x653.jpg 980w, https:\/\/pactuell.com\/de\/wp-content\/uploads\/sites\/2\/2023\/07\/HalderCup-06-680x453.jpg 680w, https:\/\/pactuell.com\/de\/wp-content\/uploads\/sites\/2\/2023\/07\/HalderCup-06-768x512.jpg 768w, https:\/\/pactuell.com\/de\/wp-content\/uploads\/sites\/2\/2023\/07\/HalderCup-06-1536x1024.jpg 1536w, https:\/\/pactuell.com\/de\/wp-content\/uploads\/sites\/2\/2023\/07\/HalderCup-06.jpg 1800w\" sizes=\"auto, (max-width: 980px) 100vw, 980px\"><\/div><p>Die Spiele sind in vollem Gange - bei Tag...<\/p><\/div>\n<div class=\"slide-3\"><div class=\" slide-img-crop\"><img loading=\"lazy\" decoding=\"async\" width=\"980\" height=\"735\" src=\"https:\/\/pactuell.com\/de\/wp-content\/uploads\/sites\/2\/2023\/07\/IMG_3072-980x735.jpg\" class=\"attachment-large size-large  slide-img-crop\" alt srcset=\"https:\/\/pactuell.com\/de\/wp-content\/uploads\/sites\/2\/2023\/07\/IMG_3072-980x735.jpg 980w, https:\/\/pactuell.com\/de\/wp-content\/uploads\/sites\/2\/2023\/07\/IMG_3072-680x510.jpg 680w, https:\/\/pactuell.com\/de\/wp-content\/uploads\/sites\/2\/2023\/07\/IMG_3072-768x576.jpg 768w, https:\/\/pactuell.com\/de\/wp-content\/uploads\/sites\/2\/2023\/07\/IMG_3072-1536x1152.jpg 1536w, https:\/\/pactuell.com\/de\/wp-content\/uploads\/sites\/2\/2023\/07\/IMG_3072-2048x1536.jpg 2048w, https:\/\/pactuell.com\/de\/wp-content\/uploads\/sites\/2\/2023\/07\/IMG_3072-1800x1350.jpg 1800w\" sizes=\"auto, (max-width: 980px) 100vw, 980px\"><\/div><p>...und bei Nacht unter Flut\u00adlicht<\/p><\/div>\n<div class=\"slide-4\"><div class=\" slide-img-crop\"><img loading=\"lazy\" decoding=\"async\" width=\"980\" height=\"653\" src=\"https:\/\/pactuell.com\/de\/wp-content\/uploads\/sites\/2\/2023\/07\/HalderCup-07-980x653.jpg\" class=\"attachment-large size-large  slide-img-crop\" alt srcset=\"https:\/\/pactuell.com\/de\/wp-content\/uploads\/sites\/2\/2023\/07\/HalderCup-07-980x653.jpg 980w, https:\/\/pactuell.com\/de\/wp-content\/uploads\/sites\/2\/2023\/07\/HalderCup-07-680x453.jpg 680w, https:\/\/pactuell.com\/de\/wp-content\/uploads\/sites\/2\/2023\/07\/HalderCup-07-768x512.jpg 768w, https:\/\/pactuell.com\/de\/wp-content\/uploads\/sites\/2\/2023\/07\/HalderCup-07-1536x1024.jpg 1536w, https:\/\/pactuell.com\/de\/wp-content\/uploads\/sites\/2\/2023\/07\/HalderCup-07.jpg 1800w\" sizes=\"auto, (max-width: 980px) 100vw, 980px\"><\/div><p>Das Orga\u00adni\u00adsa\u00adti\u00adons\u00adteam<\/p><\/div>\n<div class=\"slide-5\"><div class=\" slide-img-crop\"><img loading=\"lazy\" decoding=\"async\" width=\"980\" height=\"653\" src=\"https:\/\/pactuell.com\/de\/wp-content\/uploads\/sites\/2\/2023\/07\/HalderCup-08-980x653.jpg\" class=\"attachment-large size-large  slide-img-crop\" alt srcset=\"https:\/\/pactuell.com\/de\/wp-content\/uploads\/sites\/2\/2023\/07\/HalderCup-08-980x653.jpg 980w, https:\/\/pactuell.com\/de\/wp-content\/uploads\/sites\/2\/2023\/07\/HalderCup-08-680x453.jpg 680w, https:\/\/pactuell.com\/de\/wp-content\/uploads\/sites\/2\/2023\/07\/HalderCup-08-768x512.jpg 768w, https:\/\/pactuell.com\/de\/wp-content\/uploads\/sites\/2\/2023\/07\/HalderCup-08-1536x1024.jpg 1536w, https:\/\/pactuell.com\/de\/wp-content\/uploads\/sites\/2\/2023\/07\/HalderCup-08.jpg 1800w\" sizes=\"auto, (max-width: 980px) 100vw, 980px\"><\/div><p>After-Work-Party mit DJ<\/p><\/div>\n<div class=\"slide-6\"><div class=\" slide-img-crop\"><img loading=\"lazy\" decoding=\"async\" width=\"980\" height=\"653\" src=\"https:\/\/pactuell.com\/de\/wp-content\/uploads\/sites\/2\/2023\/07\/HalderCup-02-980x653.jpg\" class=\"attachment-large size-large  slide-img-crop\" alt srcset=\"https:\/\/pactuell.com\/de\/wp-content\/uploads\/sites\/2\/2023\/07\/HalderCup-02-980x653.jpg 980w, https:\/\/pactuell.com\/de\/wp-content\/uploads\/sites\/2\/2023\/07\/HalderCup-02-680x453.jpg 680w, https:\/\/pactuell.com\/de\/wp-content\/uploads\/sites\/2\/2023\/07\/HalderCup-02-768x512.jpg 768w, https:\/\/pactuell.com\/de\/wp-content\/uploads\/sites\/2\/2023\/07\/HalderCup-02-1536x1024.jpg 1536w, https:\/\/pactuell.com\/de\/wp-content\/uploads\/sites\/2\/2023\/07\/HalderCup-02.jpg 1800w\" sizes=\"auto, (max-width: 980px) 100vw, 980px\"><\/div><p>Gegen\u00adstand der Begierde<\/p><\/div>\n<div class=\"slide-7\"><div class=\" slide-img-crop\"><img loading=\"lazy\" decoding=\"async\" width=\"980\" height=\"653\" src=\"https:\/\/pactuell.com\/de\/wp-content\/uploads\/sites\/2\/2023\/07\/HalderCup-03-980x653.jpg\" class=\"attachment-large size-large  slide-img-crop\" alt srcset=\"https:\/\/pactuell.com\/de\/wp-content\/uploads\/sites\/2\/2023\/07\/HalderCup-03-980x653.jpg 980w, https:\/\/pactuell.com\/de\/wp-content\/uploads\/sites\/2\/2023\/07\/HalderCup-03-680x453.jpg 680w, https:\/\/pactuell.com\/de\/wp-content\/uploads\/sites\/2\/2023\/07\/HalderCup-03-768x512.jpg 768w, https:\/\/pactuell.com\/de\/wp-content\/uploads\/sites\/2\/2023\/07\/HalderCup-03-1536x1024.jpg 1536w, https:\/\/pactuell.com\/de\/wp-content\/uploads\/sites\/2\/2023\/07\/HalderCup-03.jpg 1800w\" sizes=\"auto, (max-width: 980px) 100vw, 980px\"><\/div><p>Die Gr\u00fcnder Karl\u00adheinz K\u00f6sling (links) und Martin Halder (rechts) mit dem Turnier\u00adsieger<\/p><\/div>\n<\/div>\n<p>&nbsp;<\/p>\n<figure id=\"attachment_7236\" aria-describedby=\"caption-attachment-7236\" style=\"width: 680px\" class=\"wp-caption aligncenter\"><img loading=\"lazy\" decoding=\"async\" class=\"wp-image-7236 size-medium\" src=\"https:\/\/pactuell.com\/de\/wp-content\/uploads\/sites\/2\/2023\/07\/HalderCup-05-1-680x453.jpg\" alt width=\"680\" height=\"453\" srcset=\"https:\/\/pactuell.com\/de\/wp-content\/uploads\/sites\/2\/2023\/07\/HalderCup-05-1-680x453.jpg 680w, https:\/\/pactuell.com\/de\/wp-content\/uploads\/sites\/2\/2023\/07\/HalderCup-05-1-980x653.jpg 980w, https:\/\/pactuell.com\/de\/wp-content\/uploads\/sites\/2\/2023\/07\/HalderCup-05-1-768x512.jpg 768w, https:\/\/pactuell.com\/de\/wp-content\/uploads\/sites\/2\/2023\/07\/HalderCup-05-1-1536x1024.jpg 1536w, https:\/\/pactuell.com\/de\/wp-content\/uploads\/sites\/2\/2023\/07\/HalderCup-05-1.jpg 1800w\" sizes=\"auto, (max-width: 680px) 100vw, 680px\"><figcaption id=\"caption-attachment-7236\" class=\"wp-caption-text\">Ein Bild aus vergan\u00adgenen Zeiten: Sieger\u00adeh\u00adrung 2005, Uhlmann wurde Turnier\u00adsieger. Oben, ab 2. von links: Karl\u00adheinz K\u00f6sling, Martin Halder, Gert Jaudas \/ unten Mitte: Daniel Osis<\/figcaption><\/figure>\n","protected":false},"excerpt":{"rendered":"<p>Tradi\u00adtionen muss man pflegen \u2013 der Uhlmann-Halder-Cup feierte dieses Jahr seinen 25. Geburtstag. Herz\u00adli\u00adchen Gl\u00fcck\u00adwunsch an das Uhlmann-Team zum 3. Platz!  [\u2026]<\/p>\n<p><a class=\"btn btn-secondary understrap-read-more-link\" href=\"https:\/\/pactuell.com\/de\/joint-venture-auf-dem-rasen\/\">Weiter\u00adlesen&nbsp;\u2026<span class=\"screen-reader-text\"> from Joint Venture auf dem Rasen<\/span><\/a><\/p>\n","protected":false},"author":14,"featured_media":7114,"comment_status":"closed","ping_status":"closed","sticky":false,"template":"","format":"standard","meta":{"_acf_changed":false,"wp_typography_post_enhancements_disabled":false,"footnotes":""},"categories":[1],"tags":[32],"class_list":["post-7112","post","type-post","status-publish","format-standard","has-post-thumbnail","hentry","category-pactuell","tag-firmenlauf"],"acf":[],"_links":{"self":[{"href":"https:\/\/pactuell.com\/de\/wp-json\/wp\/v2\/posts\/7112","targetHints":{"allow":["GET"]}}],"collection":[{"href":"https:\/\/pactuell.com\/de\/wp-json\/wp\/v2\/posts"}],"about":[{"href":"https:\/\/pactuell.com\/de\/wp-json\/wp\/v2\/types\/post"}],"author":[{"embeddable":true,"href":"https:\/\/pactuell.com\/de\/wp-json\/wp\/v2\/users\/14"}],"replies":[{"embeddable":true,"href":"https:\/\/pactuell.com\/de\/wp-json\/wp\/v2\/comments?post=7112"}],"version-history":[{"count":89,"href":"https:\/\/pactuell.com\/de\/wp-json\/wp\/v2\/posts\/7112\/revisions"}],"predecessor-version":[{"id":7323,"href":"https:\/\/pactuell.com\/de\/wp-json\/wp\/v2\/posts\/7112\/revisions\/7323"}],"wp:featuredmedia":[{"embeddable":true,"href":"https:\/\/pactuell.com\/de\/wp-json\/wp\/v2\/media\/7114"}],"wp:attachment":[{"href":"https:\/\/pactuell.com\/de\/wp-json\/wp\/v2\/media?parent=7112"}],"wp:term":[{"taxonomy":"category","embeddable":true,"href":"https:\/\/pactuell.com\/de\/wp-json\/wp\/v2\/categories?post=7112"},{"taxonomy":"post_tag","embeddable":true,"href":"https:\/\/pactuell.com\/de\/wp-json\/wp\/v2\/tags?post=7112"}],"curies":[{"name":"wp","href":"https:\/\/api.w.org\/{rel}","templated":true}]}}