{"id":6631,"date":"2023-04-05T08:20:37","date_gmt":"2023-04-05T06:20:37","guid":{"rendered":"https:\/\/pactuell.com\/de\/?p=6631"},"modified":"2023-04-05T08:20:37","modified_gmt":"2023-04-05T06:20:37","slug":"piste-und-polenta","status":"publish","type":"post","link":"https:\/\/pactuell.com\/de\/piste-und-polenta\/","title":{"rendered":"Piste und Polenta"},"content":{"rendered":"<p>Ein bunt gemischter Haufen von Uhlmann Pac-Systeme und Axito machte sich am Frei\u00adtag\u00admorgen, 03. M\u00e4rz 2023, auf den Weg zum Sonnen\u00adkopf. Und der machte an diesem Tag seinem Namen alle Ehre!<\/p>\n<figure id=\"attachment_6750\" aria-describedby=\"caption-attachment-6750\" style=\"width: 980px\" class=\"wp-caption aligncenter\"><img loading=\"lazy\" decoding=\"async\" class=\"wp-image-6750 size-large\" src=\"https:\/\/pactuell.com\/de\/wp-content\/uploads\/sites\/2\/2023\/03\/piste-polenta-1-980x511.jpg\" alt width=\"980\" height=\"511\" srcset=\"https:\/\/pactuell.com\/de\/wp-content\/uploads\/sites\/2\/2023\/03\/piste-polenta-1-980x511.jpg 980w, https:\/\/pactuell.com\/de\/wp-content\/uploads\/sites\/2\/2023\/03\/piste-polenta-1-680x354.jpg 680w, https:\/\/pactuell.com\/de\/wp-content\/uploads\/sites\/2\/2023\/03\/piste-polenta-1-768x400.jpg 768w, https:\/\/pactuell.com\/de\/wp-content\/uploads\/sites\/2\/2023\/03\/piste-polenta-1-1536x800.jpg 1536w, https:\/\/pactuell.com\/de\/wp-content\/uploads\/sites\/2\/2023\/03\/piste-polenta-1-2048x1067.jpg 2048w, https:\/\/pactuell.com\/de\/wp-content\/uploads\/sites\/2\/2023\/03\/piste-polenta-1-1800x938.jpg 1800w\" sizes=\"auto, (max-width: 980px) 100vw, 980px\"><figcaption id=\"caption-attachment-6750\" class=\"wp-caption-text\"><big>\u201ePara\u00addise doesn\u2019t have to be tropical\u201c<\/big><\/figcaption><\/figure>\n<p>&nbsp;<\/p>\n<h3 style=\"text-align: center;\">Hier ein paar Stimmen von Teil\u00adneh\u00admenden:<\/h3>\n<blockquote>\n<p style=\"text-align: center;\"><small>Mir hat die Skiaus\u00adfahrt sehr gut gefallen. Wir hatten super Wetter, guten Schnee und das Skige\u00adbiet war perfekt f\u00fcr einen Tages\u00adaus\u00adflug. Es gab leckere Ochsen\u00adb\u00e4ckle mit Polenta auf der H\u00fctte und wir haben bei herr\u00adli\u00adchem Sonnen\u00adschein mit Blick auf die Berge zu Mittag gegessen. Die Stim\u00admung war vom ersten Moment an super und ich konnte Kollegen aus anderen Abtei\u00adlungen kennen\u00adlernen \u2013 ideal f\u00fcr mich als neuen Kollegen.<\/small><\/p>\n<p><cite>Peter Gelle\u00adrich, Process Engi\u00adneer<\/cite><\/p>\n<\/blockquote>\n<blockquote>\n<p style=\"text-align: center;\"><small>Diese Ausfahrt hat f\u00fcr uns schon Tradi\u00adtion.<br>\nUnd es ist jedes Mal eine Freude, den Tag mit Kollegen zu verbringen!<\/small><\/p>\n<p><cite>Benjamin Schlau, Appli\u00adca\u00adtion Consul\u00adtant Manu\u00adfac\u00adtu\u00adring, Axito GmbH<\/cite><\/p>\n<\/blockquote>\n<div class=\"mgznkr-img-slider slides slider-classic size-large slider-cropped w-1800\" id=\"mgznkr-img-slider-_6641_6642_6643_6644_6645_6646_6776_6775_6632_6774\">\n<div class=\"slide-1\"><div class=\" slide-img-crop\"><img loading=\"lazy\" decoding=\"async\" width=\"1800\" height=\"1073\" src=\"https:\/\/pactuell.com\/de\/wp-content\/uploads\/sites\/2\/2023\/03\/20230303-Skiausfahrt-Uhlmann_2-1800x1073.jpg\" class=\"attachment-makefullscreen size-makefullscreen  slide-img-crop\" alt srcset=\"https:\/\/pactuell.com\/de\/wp-content\/uploads\/sites\/2\/2023\/03\/20230303-Skiausfahrt-Uhlmann_2-1800x1073.jpg 1800w, https:\/\/pactuell.com\/de\/wp-content\/uploads\/sites\/2\/2023\/03\/20230303-Skiausfahrt-Uhlmann_2-680x405.jpg 680w, https:\/\/pactuell.com\/de\/wp-content\/uploads\/sites\/2\/2023\/03\/20230303-Skiausfahrt-Uhlmann_2-980x584.jpg 980w, https:\/\/pactuell.com\/de\/wp-content\/uploads\/sites\/2\/2023\/03\/20230303-Skiausfahrt-Uhlmann_2-768x458.jpg 768w, https:\/\/pactuell.com\/de\/wp-content\/uploads\/sites\/2\/2023\/03\/20230303-Skiausfahrt-Uhlmann_2-1536x915.jpg 1536w, https:\/\/pactuell.com\/de\/wp-content\/uploads\/sites\/2\/2023\/03\/20230303-Skiausfahrt-Uhlmann_2-2048x1220.jpg 2048w\" sizes=\"auto, (max-width: 1800px) 100vw, 1800px\"><\/div><\/div>\n<div class=\"slide-2\"><div class=\" slide-img-crop\"><img loading=\"lazy\" decoding=\"async\" width=\"1800\" height=\"1403\" src=\"https:\/\/pactuell.com\/de\/wp-content\/uploads\/sites\/2\/2023\/03\/20230303-Skiausfahrt-Uhlmann_3-1800x1403.jpg\" class=\"attachment-makefullscreen size-makefullscreen  slide-img-crop\" alt srcset=\"https:\/\/pactuell.com\/de\/wp-content\/uploads\/sites\/2\/2023\/03\/20230303-Skiausfahrt-Uhlmann_3-1800x1403.jpg 1800w, https:\/\/pactuell.com\/de\/wp-content\/uploads\/sites\/2\/2023\/03\/20230303-Skiausfahrt-Uhlmann_3-680x530.jpg 680w, https:\/\/pactuell.com\/de\/wp-content\/uploads\/sites\/2\/2023\/03\/20230303-Skiausfahrt-Uhlmann_3-980x764.jpg 980w, https:\/\/pactuell.com\/de\/wp-content\/uploads\/sites\/2\/2023\/03\/20230303-Skiausfahrt-Uhlmann_3-768x599.jpg 768w, https:\/\/pactuell.com\/de\/wp-content\/uploads\/sites\/2\/2023\/03\/20230303-Skiausfahrt-Uhlmann_3-1536x1197.jpg 1536w, https:\/\/pactuell.com\/de\/wp-content\/uploads\/sites\/2\/2023\/03\/20230303-Skiausfahrt-Uhlmann_3-2048x1596.jpg 2048w\" sizes=\"auto, (max-width: 1800px) 100vw, 1800px\"><\/div><\/div>\n<div class=\"slide-3\"><div class=\" slide-img-crop\"><img loading=\"lazy\" decoding=\"async\" width=\"1800\" height=\"1352\" src=\"https:\/\/pactuell.com\/de\/wp-content\/uploads\/sites\/2\/2023\/03\/20230303-Skiausfahrt-Uhlmann_4-1800x1352.jpg\" class=\"attachment-makefullscreen size-makefullscreen  slide-img-crop\" alt srcset=\"https:\/\/pactuell.com\/de\/wp-content\/uploads\/sites\/2\/2023\/03\/20230303-Skiausfahrt-Uhlmann_4-1800x1352.jpg 1800w, https:\/\/pactuell.com\/de\/wp-content\/uploads\/sites\/2\/2023\/03\/20230303-Skiausfahrt-Uhlmann_4-680x511.jpg 680w, https:\/\/pactuell.com\/de\/wp-content\/uploads\/sites\/2\/2023\/03\/20230303-Skiausfahrt-Uhlmann_4-980x736.jpg 980w, https:\/\/pactuell.com\/de\/wp-content\/uploads\/sites\/2\/2023\/03\/20230303-Skiausfahrt-Uhlmann_4-768x577.jpg 768w, https:\/\/pactuell.com\/de\/wp-content\/uploads\/sites\/2\/2023\/03\/20230303-Skiausfahrt-Uhlmann_4-1536x1154.jpg 1536w, https:\/\/pactuell.com\/de\/wp-content\/uploads\/sites\/2\/2023\/03\/20230303-Skiausfahrt-Uhlmann_4-2048x1538.jpg 2048w\" sizes=\"auto, (max-width: 1800px) 100vw, 1800px\"><\/div><\/div>\n<div class=\"slide-4\"><div class=\" slide-img-crop\"><img loading=\"lazy\" decoding=\"async\" width=\"1800\" height=\"1352\" src=\"https:\/\/pactuell.com\/de\/wp-content\/uploads\/sites\/2\/2023\/03\/20230303-Skiausfahrt-Uhlmann_5-1800x1352.jpg\" class=\"attachment-makefullscreen size-makefullscreen  slide-img-crop\" alt srcset=\"https:\/\/pactuell.com\/de\/wp-content\/uploads\/sites\/2\/2023\/03\/20230303-Skiausfahrt-Uhlmann_5-1800x1352.jpg 1800w, https:\/\/pactuell.com\/de\/wp-content\/uploads\/sites\/2\/2023\/03\/20230303-Skiausfahrt-Uhlmann_5-680x511.jpg 680w, https:\/\/pactuell.com\/de\/wp-content\/uploads\/sites\/2\/2023\/03\/20230303-Skiausfahrt-Uhlmann_5-980x736.jpg 980w, https:\/\/pactuell.com\/de\/wp-content\/uploads\/sites\/2\/2023\/03\/20230303-Skiausfahrt-Uhlmann_5-768x577.jpg 768w, https:\/\/pactuell.com\/de\/wp-content\/uploads\/sites\/2\/2023\/03\/20230303-Skiausfahrt-Uhlmann_5-1536x1154.jpg 1536w, https:\/\/pactuell.com\/de\/wp-content\/uploads\/sites\/2\/2023\/03\/20230303-Skiausfahrt-Uhlmann_5-2048x1538.jpg 2048w\" sizes=\"auto, (max-width: 1800px) 100vw, 1800px\"><\/div><\/div>\n<div class=\"slide-5\"><div class=\" slide-img-crop\"><img loading=\"lazy\" decoding=\"async\" width=\"1800\" height=\"1350\" src=\"https:\/\/pactuell.com\/de\/wp-content\/uploads\/sites\/2\/2023\/03\/20230308_150025795_iOS-1800x1350.png\" class=\"attachment-makefullscreen size-makefullscreen  slide-img-crop\" alt srcset=\"https:\/\/pactuell.com\/de\/wp-content\/uploads\/sites\/2\/2023\/03\/20230308_150025795_iOS-1800x1350.png 1800w, https:\/\/pactuell.com\/de\/wp-content\/uploads\/sites\/2\/2023\/03\/20230308_150025795_iOS-680x510.png 680w, https:\/\/pactuell.com\/de\/wp-content\/uploads\/sites\/2\/2023\/03\/20230308_150025795_iOS-980x735.png 980w, https:\/\/pactuell.com\/de\/wp-content\/uploads\/sites\/2\/2023\/03\/20230308_150025795_iOS-768x576.png 768w, https:\/\/pactuell.com\/de\/wp-content\/uploads\/sites\/2\/2023\/03\/20230308_150025795_iOS-1536x1152.png 1536w, https:\/\/pactuell.com\/de\/wp-content\/uploads\/sites\/2\/2023\/03\/20230308_150025795_iOS.png 2048w\" sizes=\"auto, (max-width: 1800px) 100vw, 1800px\"><\/div><\/div>\n<div class=\"slide-6\"><div class=\" slide-img-crop\"><img loading=\"lazy\" decoding=\"async\" width=\"1800\" height=\"1352\" src=\"https:\/\/pactuell.com\/de\/wp-content\/uploads\/sites\/2\/2023\/03\/IMG_6358-1800x1352.jpg\" class=\"attachment-makefullscreen size-makefullscreen  slide-img-crop\" alt srcset=\"https:\/\/pactuell.com\/de\/wp-content\/uploads\/sites\/2\/2023\/03\/IMG_6358-1800x1352.jpg 1800w, https:\/\/pactuell.com\/de\/wp-content\/uploads\/sites\/2\/2023\/03\/IMG_6358-680x511.jpg 680w, https:\/\/pactuell.com\/de\/wp-content\/uploads\/sites\/2\/2023\/03\/IMG_6358-980x736.jpg 980w, https:\/\/pactuell.com\/de\/wp-content\/uploads\/sites\/2\/2023\/03\/IMG_6358-768x577.jpg 768w, https:\/\/pactuell.com\/de\/wp-content\/uploads\/sites\/2\/2023\/03\/IMG_6358-1536x1154.jpg 1536w, https:\/\/pactuell.com\/de\/wp-content\/uploads\/sites\/2\/2023\/03\/IMG_6358-2048x1539.jpg 2048w\" sizes=\"auto, (max-width: 1800px) 100vw, 1800px\"><\/div><\/div>\n<div class=\"slide-7\"><div class=\" slide-img-crop\"><img loading=\"lazy\" decoding=\"async\" width=\"1800\" height=\"1072\" src=\"https:\/\/pactuell.com\/de\/wp-content\/uploads\/sites\/2\/2023\/03\/20230303-Skiausfahrt-Uhlmann_1-980x484_neu-1800x1072.jpg\" class=\"attachment-makefullscreen size-makefullscreen  slide-img-crop\" alt srcset=\"https:\/\/pactuell.com\/de\/wp-content\/uploads\/sites\/2\/2023\/03\/20230303-Skiausfahrt-Uhlmann_1-980x484_neu-1800x1072.jpg 1800w, https:\/\/pactuell.com\/de\/wp-content\/uploads\/sites\/2\/2023\/03\/20230303-Skiausfahrt-Uhlmann_1-980x484_neu-680x405.jpg 680w, https:\/\/pactuell.com\/de\/wp-content\/uploads\/sites\/2\/2023\/03\/20230303-Skiausfahrt-Uhlmann_1-980x484_neu-980x584.jpg 980w, https:\/\/pactuell.com\/de\/wp-content\/uploads\/sites\/2\/2023\/03\/20230303-Skiausfahrt-Uhlmann_1-980x484_neu-768x458.jpg 768w, https:\/\/pactuell.com\/de\/wp-content\/uploads\/sites\/2\/2023\/03\/20230303-Skiausfahrt-Uhlmann_1-980x484_neu-1536x915.jpg 1536w, https:\/\/pactuell.com\/de\/wp-content\/uploads\/sites\/2\/2023\/03\/20230303-Skiausfahrt-Uhlmann_1-980x484_neu-2048x1220.jpg 2048w\" sizes=\"auto, (max-width: 1800px) 100vw, 1800px\"><\/div><\/div>\n<div class=\"slide-8\"><div class=\" slide-img-crop\"><img loading=\"lazy\" decoding=\"async\" width=\"1800\" height=\"1072\" src=\"https:\/\/pactuell.com\/de\/wp-content\/uploads\/sites\/2\/2023\/03\/20230303_124853_neu-1800x1072.jpg\" class=\"attachment-makefullscreen size-makefullscreen  slide-img-crop\" alt srcset=\"https:\/\/pactuell.com\/de\/wp-content\/uploads\/sites\/2\/2023\/03\/20230303_124853_neu-1800x1072.jpg 1800w, https:\/\/pactuell.com\/de\/wp-content\/uploads\/sites\/2\/2023\/03\/20230303_124853_neu-680x405.jpg 680w, https:\/\/pactuell.com\/de\/wp-content\/uploads\/sites\/2\/2023\/03\/20230303_124853_neu-980x584.jpg 980w, https:\/\/pactuell.com\/de\/wp-content\/uploads\/sites\/2\/2023\/03\/20230303_124853_neu-768x458.jpg 768w, https:\/\/pactuell.com\/de\/wp-content\/uploads\/sites\/2\/2023\/03\/20230303_124853_neu-1536x915.jpg 1536w, https:\/\/pactuell.com\/de\/wp-content\/uploads\/sites\/2\/2023\/03\/20230303_124853_neu-2048x1220.jpg 2048w\" sizes=\"auto, (max-width: 1800px) 100vw, 1800px\"><\/div><\/div>\n<div class=\"slide-9\"><div class=\" slide-img-crop\"><img loading=\"lazy\" decoding=\"async\" width=\"1800\" height=\"1350\" src=\"https:\/\/pactuell.com\/de\/wp-content\/uploads\/sites\/2\/2023\/03\/20230303_122102-1800x1350.jpg\" class=\"attachment-makefullscreen size-makefullscreen  slide-img-crop\" alt srcset=\"https:\/\/pactuell.com\/de\/wp-content\/uploads\/sites\/2\/2023\/03\/20230303_122102-1800x1350.jpg 1800w, https:\/\/pactuell.com\/de\/wp-content\/uploads\/sites\/2\/2023\/03\/20230303_122102-680x510.jpg 680w, https:\/\/pactuell.com\/de\/wp-content\/uploads\/sites\/2\/2023\/03\/20230303_122102-980x735.jpg 980w, https:\/\/pactuell.com\/de\/wp-content\/uploads\/sites\/2\/2023\/03\/20230303_122102-768x576.jpg 768w, https:\/\/pactuell.com\/de\/wp-content\/uploads\/sites\/2\/2023\/03\/20230303_122102-1536x1152.jpg 1536w, https:\/\/pactuell.com\/de\/wp-content\/uploads\/sites\/2\/2023\/03\/20230303_122102-2048x1536.jpg 2048w\" sizes=\"auto, (max-width: 1800px) 100vw, 1800px\"><\/div><\/div>\n<div class=\"slide-10\"><div class=\" slide-img-crop\"><img loading=\"lazy\" decoding=\"async\" width=\"1800\" height=\"1072\" src=\"https:\/\/pactuell.com\/de\/wp-content\/uploads\/sites\/2\/2023\/03\/Sinnenkopf2023UITO_neu-1800x1072.jpg\" class=\"attachment-makefullscreen size-makefullscreen  slide-img-crop\" alt srcset=\"https:\/\/pactuell.com\/de\/wp-content\/uploads\/sites\/2\/2023\/03\/Sinnenkopf2023UITO_neu-1800x1072.jpg 1800w, https:\/\/pactuell.com\/de\/wp-content\/uploads\/sites\/2\/2023\/03\/Sinnenkopf2023UITO_neu-680x405.jpg 680w, https:\/\/pactuell.com\/de\/wp-content\/uploads\/sites\/2\/2023\/03\/Sinnenkopf2023UITO_neu-980x584.jpg 980w, https:\/\/pactuell.com\/de\/wp-content\/uploads\/sites\/2\/2023\/03\/Sinnenkopf2023UITO_neu-768x458.jpg 768w, https:\/\/pactuell.com\/de\/wp-content\/uploads\/sites\/2\/2023\/03\/Sinnenkopf2023UITO_neu-1536x915.jpg 1536w, https:\/\/pactuell.com\/de\/wp-content\/uploads\/sites\/2\/2023\/03\/Sinnenkopf2023UITO_neu-2048x1220.jpg 2048w\" sizes=\"auto, (max-width: 1800px) 100vw, 1800px\"><\/div><\/div>\n<\/div>\n<p>&nbsp;<\/p>\n<blockquote>\n<p style=\"text-align: center;\"><small>Jedes Jahr ist die Uhlmann-Skiaus\u00adfahrt ein tolles Event. Das Orga-Team versucht so gut es geht, immer verschie\u00addene Skige\u00adbiete anzu\u00adfahren, um auch hier Abwechs\u00adlung zu bieten. Punkt\u00adgenau h\u00e4lt der Wetter\u00adgott (bei allen bishe\u00adrigen Ausfahrten!) die Arme auf und beschert uns sch\u00f6nes Wetter. Es macht mega Spa\u00df zu sehen, wie die Kollegen unter\u00adein\u00adander Kontakt pflegen und neue Kontakte kn\u00fcpfen. Auch neue Mitar\u00adbeiter nehmen die Ausfahrt zum Anlass, Leute kennen\u00adzu\u00adlernen. Der lockere Umgangston unter\u00adein\u00adander ist wirk\u00adlich gran\u00addios. Auch dass alle zu den verein\u00adbarten Zeit\u00adpunkten am Bus sind und wir p\u00fcnkt\u00adlich abfahren k\u00f6nnen, ist eine Selbst\u00adver\u00adst\u00e4nd\u00adlich\u00adkeit. Kompli\u00adment an ALLE! Das spornt uns an, euch f\u00fcr die n\u00e4chste Saison wieder etwas Inter\u00ades\u00adsantes anzu\u00adbieten.<\/small><\/p>\n<p><cite>Ruth Schef\u00adfold, Office Manager &amp; Orga\u00adni\u00adsa\u00adti\u00adons\u00adteam Skiaus\u00adfahrt<\/cite><\/p>\n<\/blockquote>\n<p>&nbsp;<\/p>\n<h3 style=\"text-align: center;\">An der Stelle von allen Skihasen ein riesen\u00adgro\u00dfes Lob an das Orga\u00adni\u00adsa\u00adti\u00adons\u00adteam:<br>\nRuth Schef\u00adfold, Mareike Leib und Ralf Brehm!<\/h3>\n<p style=\"text-align: center;\"><img loading=\"lazy\" decoding=\"async\" class=\"wp-image-6705 alignnone\" src=\"https:\/\/pactuell.com\/de\/wp-content\/uploads\/sites\/2\/2023\/03\/Ruth1-scaled.jpg\" alt width=\"201\" height=\"207\" srcset=\"https:\/\/pactuell.com\/de\/wp-content\/uploads\/sites\/2\/2023\/03\/Ruth1-scaled.jpg 2490w, https:\/\/pactuell.com\/de\/wp-content\/uploads\/sites\/2\/2023\/03\/Ruth1-680x699.jpg 680w, https:\/\/pactuell.com\/de\/wp-content\/uploads\/sites\/2\/2023\/03\/Ruth1-980x1007.jpg 980w, https:\/\/pactuell.com\/de\/wp-content\/uploads\/sites\/2\/2023\/03\/Ruth1-768x789.jpg 768w, https:\/\/pactuell.com\/de\/wp-content\/uploads\/sites\/2\/2023\/03\/Ruth1-1494x1536.jpg 1494w, https:\/\/pactuell.com\/de\/wp-content\/uploads\/sites\/2\/2023\/03\/Ruth1-1992x2048.jpg 1992w, https:\/\/pactuell.com\/de\/wp-content\/uploads\/sites\/2\/2023\/03\/Ruth1-1800x1850.jpg 1800w\" sizes=\"auto, (max-width: 201px) 100vw, 201px\"><img loading=\"lazy\" decoding=\"async\" class=\"wp-image-6702 alignnone\" style=\"text-align: var(--bs-body-text-align);\" src=\"https:\/\/pactuell.com\/de\/wp-content\/uploads\/sites\/2\/2023\/03\/Mareike2.jpg\" alt width=\"158\" height=\"210\"><img loading=\"lazy\" decoding=\"async\" class=\"wp-image-6703 alignnone\" style=\"background-color: var(--bs-body-bg); text-align: var(--bs-body-text-align);\" src=\"https:\/\/pactuell.com\/de\/wp-content\/uploads\/sites\/2\/2023\/03\/Ralf-scaled.jpg\" alt width=\"280\" height=\"211\" srcset=\"https:\/\/pactuell.com\/de\/wp-content\/uploads\/sites\/2\/2023\/03\/Ralf-scaled.jpg 2560w, https:\/\/pactuell.com\/de\/wp-content\/uploads\/sites\/2\/2023\/03\/Ralf-680x511.jpg 680w, https:\/\/pactuell.com\/de\/wp-content\/uploads\/sites\/2\/2023\/03\/Ralf-980x736.jpg 980w, https:\/\/pactuell.com\/de\/wp-content\/uploads\/sites\/2\/2023\/03\/Ralf-768x577.jpg 768w, https:\/\/pactuell.com\/de\/wp-content\/uploads\/sites\/2\/2023\/03\/Ralf-1536x1154.jpg 1536w, https:\/\/pactuell.com\/de\/wp-content\/uploads\/sites\/2\/2023\/03\/Ralf-2048x1539.jpg 2048w, https:\/\/pactuell.com\/de\/wp-content\/uploads\/sites\/2\/2023\/03\/Ralf-1800x1352.jpg 1800w\" sizes=\"auto, (max-width: 280px) 100vw, 280px\"><\/p>\n<h2 style=\"text-align: center;\">Wir freuen uns schon auf\u2019s n\u00e4chste Jahr!<\/h2>\n<p>&nbsp;<\/p>\n","protected":false},"excerpt":{"rendered":"<p>Im M\u00e4rz war es endlich wieder soweit: Skibe\u00adgeis\u00adterte von Uhlmann und Axito st\u00fcrmten gemeinsam die Piste. Dabei war der Andrang so gro\u00df, dass sogar ein ger\u00e4u\u00admi\u00adgerer Bus orga\u00adni\u00adsiert werden musste. Die M\u00fche lohnte sich f\u00fcr alle Betei\u00adligten!  [\u2026]<\/p>\n<p><a class=\"btn btn-secondary understrap-read-more-link\" href=\"https:\/\/pactuell.com\/de\/piste-und-polenta\/\">Weiter\u00adlesen&nbsp;\u2026<span class=\"screen-reader-text\"> from Piste und Polenta<\/span><\/a><\/p>\n","protected":false},"author":14,"featured_media":6636,"comment_status":"closed","ping_status":"closed","sticky":false,"template":"","format":"standard","meta":{"_acf_changed":false,"wp_typography_post_enhancements_disabled":false,"footnotes":""},"categories":[1],"tags":[],"class_list":["post-6631","post","type-post","status-publish","format-standard","has-post-thumbnail","hentry","category-pactuell"],"acf":[],"_links":{"self":[{"href":"https:\/\/pactuell.com\/de\/wp-json\/wp\/v2\/posts\/6631","targetHints":{"allow":["GET"]}}],"collection":[{"href":"https:\/\/pactuell.com\/de\/wp-json\/wp\/v2\/posts"}],"about":[{"href":"https:\/\/pactuell.com\/de\/wp-json\/wp\/v2\/types\/post"}],"author":[{"embeddable":true,"href":"https:\/\/pactuell.com\/de\/wp-json\/wp\/v2\/users\/14"}],"replies":[{"embeddable":true,"href":"https:\/\/pactuell.com\/de\/wp-json\/wp\/v2\/comments?post=6631"}],"version-history":[{"count":94,"href":"https:\/\/pactuell.com\/de\/wp-json\/wp\/v2\/posts\/6631\/revisions"}],"predecessor-version":[{"id":6785,"href":"https:\/\/pactuell.com\/de\/wp-json\/wp\/v2\/posts\/6631\/revisions\/6785"}],"wp:featuredmedia":[{"embeddable":true,"href":"https:\/\/pactuell.com\/de\/wp-json\/wp\/v2\/media\/6636"}],"wp:attachment":[{"href":"https:\/\/pactuell.com\/de\/wp-json\/wp\/v2\/media?parent=6631"}],"wp:term":[{"taxonomy":"category","embeddable":true,"href":"https:\/\/pactuell.com\/de\/wp-json\/wp\/v2\/categories?post=6631"},{"taxonomy":"post_tag","embeddable":true,"href":"https:\/\/pactuell.com\/de\/wp-json\/wp\/v2\/tags?post=6631"}],"curies":[{"name":"wp","href":"https:\/\/api.w.org\/{rel}","templated":true}]}}