{"id":536,"date":"2019-12-11T09:24:30","date_gmt":"2019-12-11T08:24:30","guid":{"rendered":"https:\/\/pactuell.com\/de\/?p=536"},"modified":"2019-12-18T11:18:20","modified_gmt":"2019-12-18T10:18:20","slug":"das-sieht-group-aus","status":"publish","type":"post","link":"https:\/\/pactuell.com\/de\/das-sieht-group-aus\/","title":{"rendered":"Das sieht Group aus!"},"content":{"rendered":"<p>Haben Sie sich schon einmal Gedanken dar\u00fcber gemacht, warum Menschen ihre Autos mit Aufkle\u00adbern versehen, sich die Haare bunt f\u00e4rben oder T-Shirts mit Aussagen tragen? Wir beziehen mit solchen \u00c4u\u00dfer\u00adlich\u00adkeiten Stel\u00adlung und teilen unseren Mitmen\u00adschen mit, wof\u00fcr wir stehen, wo wir uns einordnen \u2013 und wo sie uns einzu\u00adordnen haben.<\/p>\n<p>Das m\u00f6chten wir auch f\u00fcr unsere Uhlmann Group errei\u00adchen: ein Erschei\u00adnungs\u00adbild gene\u00adrieren, das auf den ersten Blick die Zusam\u00admen\u00adge\u00adh\u00f6\u00adrig\u00adkeit der Group Compa\u00adnies und Subsi\u00addia\u00adries erkennen l\u00e4sst. Was dazu notwendig ist, sei hier erkl\u00e4rt \u2013&nbsp; aber keine Sorge: Sie m\u00fcssen sich die Haare nicht im Brom\u00adbeerton der Uhlmann Group f\u00e4rben.<\/p>\n<h2>Harmo\u00adni\u00adsches Bild<\/h2>\n<p>Doch bleiben wir bei den Farben. Wenn Sie sich derzeit die vier verschie\u00addenen Logos der Group Compa\u00adnies auf Visi\u00adten\u00adkarten, Brief\u00adk\u00f6pfen oder im Internet ansehen, sehen Sie viel Blau, etwas Schwarz, ein wenig Grau und ein markantes Rot. Jedes einzelne Logo sieht f\u00fcr sich genommen gut aus. Doch im Verbund funk\u00adtio\u00adnieren sie nicht, denn zu der farb\u00adli\u00adchen Mixtur kommt noch eine allzu gro\u00dfe typo\u00adgra\u00adfi\u00adsche Viel\u00adfalt. Und nichts l\u00e4sst darauf schlie\u00dfen, dass Uhlmann Pac-Systeme, Koch Pac-Systeme, Cremer Specia\u00adal\u00adma\u00adchines und Wonder Packing Machi\u00adnery unter einem Dach vereint sind.<\/p>\n<h2>Start im neuen Jahr<\/h2>\n<p>Das wird sich \u00e4ndern: Ab Januar 2020 treten alle Grup\u00adpen\u00admit\u00adglieder unter harmo\u00adni\u00adsierten Logos auf. Die Zuge\u00adh\u00f6\u00adrig\u00adkeit zur Uhlmann Group machen wir durch einen entspre\u00adchenden Zusatz unter\u00adhalb jedes Logos deut\u00adlich. Dar\u00fcber hinaus werden, wo notwendig, die grafi\u00adschen Elemente der Logos ange\u00adpasst. Das betrifft beispiels\u00adweise Schrift\u00adarten und Farben. So stehen alle vier Group Compa\u00adnies gleich\u00adbe\u00adrech\u00adtigt neben\u00adein\u00adander und zuein\u00adander in Bezie\u00adhung, jede aber nach wie vor f\u00fcr die eigene starke Marke. Am deut\u00adlichsten wird das beim Logo der UHLMANN GROUP, unserem Dach und damit: BEYOND PACKAGING. Mit ihm haben wir unsere Mission, weit \u00fcber das reine Verpa\u00adcken hinaus\u00adzu\u00adgehen, immer vor Augen.<\/p>\n<p>Das opti\u00adsche State\u00adment wird bis zum 1. April 2020 grup\u00adpen\u00adweit bei allen Marke\u00adting-Werk\u00adzeugen zum Tragen kommen. Mit Visi\u00adten\u00adkarten, Brief\u00adk\u00f6pfen, Brosch\u00fcren, E-Mail- Signa\u00adturen, Video-, Internet- sowie Social-Media-Auftritten bringen wir dann analog wie digital zum Ausdruck, dass die Uhlmann Group zwar aus verschie\u00addenen Firmen besteht, die jedoch f\u00fcr dasselbe einstehen: immer mit dem Fokus auf unsere Kunden \u00fcber den Teller\u00adrand hinaus\u00adzu\u00adschauen \u2013&nbsp; an 19 Stand\u00adorten in 14 L\u00e4ndern und in allen Bran\u00adchen, in denen wir t\u00e4tig sind.<\/p>\n<p>Mit der nun geschaf\u00adfenen Marken\u00adar\u00adchi\u00adtektur der Uhlmann Group und ihrer Group Compa\u00adnies unter\u00adstrei\u00adchen wir das auch in der Au\u00dfen\u00addar\u00adstel\u00adlung und gehen einen gro\u00dfen Schritt in Rich\u00adtung global konsis\u00adtenter Kommu\u00adni\u00adka\u00adtion bei gleich\u00adzei\u00adtiger Beibe\u00adhal\u00adtung der Iden\u00adti\u00adt\u00e4ten jeder Group Company \u2013&nbsp; Uhlmann Pac-Systeme, Koch Pac-Systeme, Cremer Specia\u00adal\u00adma\u00adchines und Wonder Packing Machi\u00adnery.<\/p>\n<h3>Verglei\u00adchen Sie die alten Visi\u00adten\u00adkarten mit den neuen (rechts):<\/h3>\n<div class=\"alle-pactuell-cover size-makefullscreen\"><img loading=\"lazy\" decoding=\"async\" class=\"alignnone size-medium wp-image-1015\" src=\"https:\/\/pactuell.com\/de\/wp-content\/uploads\/sites\/2\/2019\/12\/Visitenkarten_01.jpg\" alt width=\"512\" height=\"338\"><img loading=\"lazy\" decoding=\"async\" class=\"alignnone size-medium wp-image-1016\" src=\"https:\/\/pactuell.com\/de\/wp-content\/uploads\/sites\/2\/2019\/12\/Visitenkarten_02.jpg\" alt width=\"512\" height=\"338\">&nbsp;<\/div>\n<div class=\"alle-pactuell-cover size-makefullscreen\"><img loading=\"lazy\" decoding=\"async\" class=\"alignnone size-medium wp-image-1019\" src=\"https:\/\/pactuell.com\/de\/wp-content\/uploads\/sites\/2\/2019\/12\/Visitenkarten_05.jpg\" alt width=\"512\" height=\"338\"><img loading=\"lazy\" decoding=\"async\" class=\"alignnone size-medium wp-image-1020\" src=\"https:\/\/pactuell.com\/de\/wp-content\/uploads\/sites\/2\/2019\/12\/Visitenkarten_06.jpg\" alt width=\"512\" height=\"338\"><\/div>\n<div class=\"alle-pactuell-cover size-makefullscreen\"><img loading=\"lazy\" decoding=\"async\" class=\"alignnone size-medium wp-image-1021\" src=\"https:\/\/pactuell.com\/de\/wp-content\/uploads\/sites\/2\/2019\/12\/Visitenkarten_07.jpg\" alt width=\"512\" height=\"338\"><img loading=\"lazy\" decoding=\"async\" class=\"alignnone size-medium wp-image-1022\" src=\"https:\/\/pactuell.com\/de\/wp-content\/uploads\/sites\/2\/2019\/12\/Visitenkarten_08.jpg\" alt width=\"512\" height=\"338\"><\/div>\n<div class=\"alle-pactuell-cover size-makefullscreen\"><img loading=\"lazy\" decoding=\"async\" class=\"alignnone size-medium wp-image-1023\" src=\"https:\/\/pactuell.com\/de\/wp-content\/uploads\/sites\/2\/2019\/12\/Visitenkarten_09.jpg\" alt width=\"512\" height=\"338\"><img loading=\"lazy\" decoding=\"async\" class=\"alignnone size-medium wp-image-1024\" src=\"https:\/\/pactuell.com\/de\/wp-content\/uploads\/sites\/2\/2019\/12\/Visitenkarten_10.jpg\" alt width=\"512\" height=\"338\"><\/div>\n","protected":false},"excerpt":{"rendered":"<p>Sich Holding zu nennen ist das eine. Als Uhlmann Group Holding zu arbeiten und aufzu\u00adtreten das andere. Mit konkreten Ma\u00dfnahmen schaffen wir ein einheit\u00adli\u00adches Bild und zeigen: Wir geh\u00f6ren zusammen. [\u2026]<\/p>\n<p><a class=\"btn btn-secondary understrap-read-more-link\" href=\"https:\/\/pactuell.com\/de\/das-sieht-group-aus\/\">Weiter\u00adlesen&nbsp;\u2026<span class=\"screen-reader-text\"> from Das sieht Group aus!<\/span><\/a><\/p>\n","protected":false},"author":5,"featured_media":992,"comment_status":"closed","ping_status":"open","sticky":false,"template":"","format":"standard","meta":{"_acf_changed":false,"wp_typography_post_enhancements_disabled":false,"footnotes":""},"categories":[1],"tags":[],"class_list":["post-536","post","type-post","status-publish","format-standard","has-post-thumbnail","hentry","category-pactuell"],"acf":[],"_links":{"self":[{"href":"https:\/\/pactuell.com\/de\/wp-json\/wp\/v2\/posts\/536","targetHints":{"allow":["GET"]}}],"collection":[{"href":"https:\/\/pactuell.com\/de\/wp-json\/wp\/v2\/posts"}],"about":[{"href":"https:\/\/pactuell.com\/de\/wp-json\/wp\/v2\/types\/post"}],"author":[{"embeddable":true,"href":"https:\/\/pactuell.com\/de\/wp-json\/wp\/v2\/users\/5"}],"replies":[{"embeddable":true,"href":"https:\/\/pactuell.com\/de\/wp-json\/wp\/v2\/comments?post=536"}],"version-history":[{"count":33,"href":"https:\/\/pactuell.com\/de\/wp-json\/wp\/v2\/posts\/536\/revisions"}],"predecessor-version":[{"id":1165,"href":"https:\/\/pactuell.com\/de\/wp-json\/wp\/v2\/posts\/536\/revisions\/1165"}],"wp:featuredmedia":[{"embeddable":true,"href":"https:\/\/pactuell.com\/de\/wp-json\/wp\/v2\/media\/992"}],"wp:attachment":[{"href":"https:\/\/pactuell.com\/de\/wp-json\/wp\/v2\/media?parent=536"}],"wp:term":[{"taxonomy":"category","embeddable":true,"href":"https:\/\/pactuell.com\/de\/wp-json\/wp\/v2\/categories?post=536"},{"taxonomy":"post_tag","embeddable":true,"href":"https:\/\/pactuell.com\/de\/wp-json\/wp\/v2\/tags?post=536"}],"curies":[{"name":"wp","href":"https:\/\/api.w.org\/{rel}","templated":true}]}}