{"id":4741,"date":"2021-12-06T09:03:10","date_gmt":"2021-12-06T08:03:10","guid":{"rendered":"https:\/\/pactuell.com\/de\/?p=4741"},"modified":"2021-12-08T11:43:45","modified_gmt":"2021-12-08T10:43:45","slug":"dezemberspecial","status":"publish","type":"post","link":"https:\/\/pactuell.com\/de\/dezemberspecial\/","title":{"rendered":"Da steckt Uhlmann drin"},"content":{"rendered":"<p>Anmer\u00adkung der Redak\u00adtion: Alle Fotos sind unter Beach\u00adtung der lokalen Coro\u00adna\u00adre\u00adgeln oder vor Versch\u00e4r\u00adfung der Ma\u00dfnahmen entstanden. Den Kolle\u00adginnen und Kollegen in L\u00e4ndern mit aktuell locke\u00adreren Regeln w\u00fcnschen wir von Herzen viel Spa\u00df beim gemein\u00adsamen Feiern!<\/p>\n<div class=\"backgroundbox\">\n<div class=\"mgznkr-flipcard-flex\">\n<div class=\"mgznkr-flipcard-wrapper\"><div class=\"mgznkr-flipcard\"><div class=\"mgznkr-flipcard-content mgznkr-flipcard-content-front\">\n<div>\n<p><img loading=\"lazy\" decoding=\"async\" class=\"square alignnone wp-image-4832 size-full\" src=\"https:\/\/pactuell.com\/de\/wp-content\/uploads\/sites\/2\/2021\/12\/01_Team-FachPack-2021-Germany.jpg\" alt width=\"600\" height=\"450\"><\/p>\n<h2>Team Fach\u00adPack 2021 Deutsch\u00adland<\/h2>\n<p><\/p>\n<p>War es f\u00fcr Euch eine beson\u00addere Messe und was w\u00fcnscht Ihr Euch f\u00fcr das Jahr 2022?<\/p>\n<\/div>\n<\/div>\n<div class=\"mgznkr-flipcard-content mgznkr-flipcard-content-back\">\n<p>WOW! Endlich durften wir Uhlmann wieder live pr\u00e4sen\u00adtieren. Die Freude war gro\u00df, die Messe kam gut an. Wir hatten einige gute Gespr\u00e4che und konnten fest\u00adstellen: Auch unsere Kunden hatten die Messen vermisst. F\u00fcr das Jahr 2022 w\u00fcnschen wir, dass es mit den Begeg\u00adnungen so weiter\u00adgeht und freuen uns beson\u00adders auf die ACHEMA, aber auch auf viele klei\u00adnere Treffen Face to Face.<br>\nBleibt Gesund!<\/p>\n<\/div>\n  <\/div>\n<\/div><br>\n<div class=\"mgznkr-flipcard-wrapper\"><div class=\"mgznkr-flipcard\"><div class=\"mgznkr-flipcard-content mgznkr-flipcard-content-front\">\n<div>\n<p><img loading=\"lazy\" decoding=\"async\" class=\"round alignnone wp-image-4833 size-full\" src=\"https:\/\/pactuell.com\/de\/wp-content\/uploads\/sites\/2\/2021\/12\/02_Juan-Carlos-Pac-Systems-Iberica.jpg\" alt width=\"600\" height=\"600\" srcset=\"https:\/\/pactuell.com\/de\/wp-content\/uploads\/sites\/2\/2021\/12\/02_Juan-Carlos-Pac-Systems-Iberica.jpg 600w, https:\/\/pactuell.com\/de\/wp-content\/uploads\/sites\/2\/2021\/12\/02_Juan-Carlos-Pac-Systems-Iberica-375x375.jpg 375w\" sizes=\"auto, (max-width: 600px) 100vw, 600px\"><\/p>\n<h2>Juan Carlos,&nbsp;Tech\u00adni\u00adcian &nbsp;Uhlmann Pac-Systems Ib\u00e9rica S.L.<\/h2>\n<p><\/p>\n<p>Was w\u00fcnschst du dir f\u00fcrs neue Jahr?<\/p>\n<\/div>\n<\/div>\n<div class=\"mgznkr-flipcard-content mgznkr-flipcard-content-back\">\n<p>Ich w\u00fcnsche, alle meine pers\u00f6n\u00adli\u00adchen und beruf\u00adli\u00adchen Projekte verwirk\u00adli\u00adchen zu k\u00f6nnen.<br>\n\u00a1\u00a1Feliz Navidad!!<\/p>\n<\/div>\n  <\/div>\n<\/div>\n<div class=\"mgznkr-flipcard-wrapper\"><div class=\"mgznkr-flipcard\"><div class=\"mgznkr-flipcard-content mgznkr-flipcard-content-front\">\n<div>\n<p><img loading=\"lazy\" decoding=\"async\" class=\"square alignnone wp-image-4831 size-full\" src=\"https:\/\/pactuell.com\/de\/wp-content\/uploads\/sites\/2\/2021\/12\/27_IT.jpg\" alt width=\"600\" height=\"450\"><\/p>\n<h2>IT, Uhlmann Laup\u00adheim<\/h2>\n<p><\/p>\n<p>Ein gutes Gewissen ist ein st\u00e4n\u00addiges Weih\u00adnachten. <br>\n\u2013 Benjamin Franklin<\/p>\n<\/div>\n<\/div>\n<div class=\"mgznkr-flipcard-content mgznkr-flipcard-content-back\">\n<p>Die IT w\u00fcnscht allen Kolleg:innen stabile Systeme, so l\u00e4sst sich arbeiten ohne Probleme. Benut\u00adzer\u00adfreund\u00adlich sollen die Anwen\u00addungen sein, dann schmeckt viel besser der Feier\u00adabend\u00adwein. Wir m\u00f6chten euch unter\u00adst\u00fctzen durch schnellen Support, virtuell oder auch gerne vor Ort.<br>\nEin frohes Fest w\u00fcnschen stell\u00adver\u00adtre\u00adtend Luisa Bader, Helmut \u00d6sterle, Helge St\u00fchr\u00admann<\/p>\n<\/div>\n  <\/div>\n<\/div>\n<div class=\"mgznkr-flipcard-wrapper\"><div class=\"mgznkr-flipcard\"><div class=\"mgznkr-flipcard-content mgznkr-flipcard-content-front\">\n<div>\n<p><img loading=\"lazy\" decoding=\"async\" class=\"square alignnone wp-image-4834 size-full\" src=\"https:\/\/pactuell.com\/de\/wp-content\/uploads\/sites\/2\/2021\/12\/03_Service-Team-Uhlmann-Hoefliger-Schweiz-GmbH.jpg\" alt width=\"600\" height=\"450\"><\/p>\n<h2>Service Team Uhlmann H\u00f6fliger Schweiz GmbH<\/h2>\n<p><\/p>\n<p>Worauf freut Ihr Euch in der Vorweih\u00adnachts\u00adzeit?<\/p>\n<\/div>\n<\/div>\n<div class=\"mgznkr-flipcard-content mgznkr-flipcard-content-back\">\n<p>Gr\u00fcezi!<\/p>\n<p>Corona- und Home\u00adof\u00adfice-bedingt fanden 2021 wenige Treffen im B\u00fcro in Arle\u00adsheim statt. Deshalb freuen wir uns sehr auf ein kleines Beisam\u00admen\u00adsein. Tradi\u00adtio\u00adnell beginnen wir das mit einem kleinen Apero.<\/p>\n<p><img loading=\"lazy\" decoding=\"async\" class=\"aligncenter wp-image-4767\" src=\"https:\/\/pactuell.com\/de\/wp-content\/uploads\/sites\/2\/2021\/11\/UHS-Bild-hinten.jpg\" alt width=\"300\" height=\"200\"><\/p>\n<\/div>\n  <\/div>\n<\/div>\n<div class=\"mgznkr-flipcard-wrapper\"><div class=\"mgznkr-flipcard\"><div class=\"mgznkr-flipcard-content mgznkr-flipcard-content-front\">\n<div>\n<p><img loading=\"lazy\" decoding=\"async\" class=\"square alignnone wp-image-4835 size-full\" src=\"https:\/\/pactuell.com\/de\/wp-content\/uploads\/sites\/2\/2021\/12\/04_Uhlmann-Nordiska-AB.jpg\" alt width=\"600\" height=\"450\"><\/p>\n<h2>Uhlmann Nordiska AB<\/h2>\n<p><\/p>\n<p>Wie feiert Ihr Weih\u00adnachten im Team?<\/p>\n<\/div>\n<\/div>\n<div class=\"mgznkr-flipcard-content mgznkr-flipcard-content-back\">\n<p>Wir feiern zusammen in einem&nbsp;Restau\u00adrant im Vergn\u00fc\u00adgungs\u00adpark \u201eLise\u00adberg\u201c. Wir freuen uns auf das gemein\u00adsame Treffen nach&nbsp;der langen Corona-Zeit. Der Vergn\u00fc\u00adgungs\u00adpark verwan\u00addelt sich in einen tradi\u00adtio\u00adnellen Weih\u00adnachts\u00admarkt und l\u00e4sst die Weih\u00adnachts\u00adstim\u00admung&nbsp;aufleben. <br>\nGod Jul &amp; Gott Nytt \u00e5r!<\/p>\n<\/div>\n  <\/div>\n<\/div>\n<div class=\"mgznkr-flipcard-wrapper\"><div class=\"mgznkr-flipcard\"><div class=\"mgznkr-flipcard-content mgznkr-flipcard-content-front\">\n<div>\n<p><img loading=\"lazy\" decoding=\"async\" class=\"square alignnone wp-image-4836 size-full\" src=\"https:\/\/pactuell.com\/de\/wp-content\/uploads\/sites\/2\/2021\/12\/05_Tanja-Maskell-Uhlmann-UK.jpg\" alt width=\"600\" height=\"450\"><\/p>\n<h2>Tanja Maskell, Office Manage\u00adment, Uhlmann UK Ltd.<\/h2>\n<p><\/p>\n<p>Was hast du in der Weih\u00adnachts\u00adzeit vor?<\/p>\n<\/div>\n<\/div>\n<div class=\"mgznkr-flipcard-content mgznkr-flipcard-content-back\">\n<p>Ich freue mich darauf, Deutsch\u00adland zu besu\u00adchen und meine Familie zu sehen. Und darauf, die Reno\u00advie\u00adrung eines 160 Jahre alten Bauern\u00adhauses, live zu sehen. Wir hatten sie von England aus \u00fcber eine Distanz von 600 Kilo\u00adme\u00adtern geleitet \u2013 und das w\u00e4hrend einer Pandemie! <br>\nDie Kame\u00adra\u00adauf\u00adnahmen von den ans\u00e4s\u00adsigen Baum\u00admar\u00addern inmitten der Bauar\u00adbeiten haben mich auf Trab gehalten!&nbsp;<\/p>\n<\/div>\n  <\/div>\n<\/div>\n<div class=\"mgznkr-flipcard-wrapper\"><div class=\"mgznkr-flipcard\"><div class=\"mgznkr-flipcard-content mgznkr-flipcard-content-front\">\n<div>\n<p><img loading=\"lazy\" decoding=\"async\" class=\"square alignnone wp-image-4837 size-full\" src=\"https:\/\/pactuell.com\/de\/wp-content\/uploads\/sites\/2\/2021\/12\/06_Steve-Quilt-Uhlmann-UK.jpg\" alt width=\"600\" height=\"450\"><\/p>\n<h2>Steve Quilt, Mana\u00adging Director Uhlmann UK Ltd.<\/h2>\n<p><\/p>\n<p>Warum tragen Briten so gerne Weih\u00adnachts\u00adpull\u00adover?<\/p>\n<\/div>\n<\/div>\n<div class=\"mgznkr-flipcard-content mgznkr-flipcard-content-back\">\n<p>Wo das herkommt, kann ich nicht sagen. Laut Wiki\u00adpedia fing es durch Fern\u00adseh\u00adsen\u00addungen an. Manche haben auch den Film \u201cBridget Jones\u201d im Verdacht, uns die \u201cugly Christmas jumpers\u201d beschert zu haben. Eins ist aber gewiss: Wir lieben diese bunten Dinger! Inzwi\u00adschen produ\u00adzieren sogar Marken wie J\u00e4ger\u00admeister oder die B\u00e4ckerei-Kette Greggs ihre eigenen Weih\u00adnachts\u00adpull\u00adover. <br>\nW\u00e4re doch auch was f\u00fcr Uhlmann. \ud83d\ude09<\/p>\n<\/div>\n  <\/div>\n<\/div>\n<div class=\"mgznkr-flipcard-wrapper\"><div class=\"mgznkr-flipcard\"><div class=\"mgznkr-flipcard-content mgznkr-flipcard-content-front\">\n<div>\n<p><img loading=\"lazy\" decoding=\"async\" class=\"square alignnone wp-image-4838 size-full\" src=\"https:\/\/pactuell.com\/de\/wp-content\/uploads\/sites\/2\/2021\/12\/07_Uhlmann-India.jpg\" alt width=\"600\" height=\"450\"><\/p>\n<h2>Uhlmann India Pvt. Ltd.<\/h2>\n<p><\/p>\n<p>Was war Euer H\u00f6he\u00adpunkt in diesem Jahr?<\/p>\n<\/div>\n<\/div>\n<div class=\"mgznkr-flipcard-content mgznkr-flipcard-content-back\">\n<p>Indi\u00adsche Feier\u00adlich\u00adkeiten \u2013 damit das Leben ein Fest wird!&nbsp; Die reichen und leben\u00addigen Feste Indiens sind ein Zeugnis unserer viel\u00adf\u00e4l\u00adtigen Tradi\u00adtion und Kultur. Wir feierten die Feste Dussehra und Diwali im B\u00fcro mit allen in Pune statio\u00adnierten Mitar\u00adbei\u00adtern von UIN.&nbsp;<br>\nZu Diwali verteilte Mana\u00adging Director Sumeet Aroroa Geschenke an die Mitar\u00adbei\u00adtenden.<\/p>\n<\/div>\n  <\/div>\n<\/div>\n<div class=\"mgznkr-flipcard-wrapper\"><div class=\"mgznkr-flipcard\"><div class=\"mgznkr-flipcard-content mgznkr-flipcard-content-front\">\n<div>\n<p><img loading=\"lazy\" decoding=\"async\" class=\"square alignnone wp-image-4825 size-full\" src=\"https:\/\/pactuell.com\/de\/wp-content\/uploads\/sites\/2\/2021\/12\/21_Azubis-Uhlmann-Laupheim.jpg\" alt width=\"600\" height=\"450\"><\/p>\n<h2>Azubis, Uhlmann Laup\u00adheim<\/h2>\n<p><\/p>\n<p>Was habt Ihr Euch gemeinsam f\u00fcrs neue Jahr vorge\u00adnommen?<\/p>\n<\/div>\n<\/div>\n<div class=\"mgznkr-flipcard-content mgznkr-flipcard-content-back\">\n<p class=\"nomarginbottom\">Wir Azubis stemmen schon ganz sch\u00f6n viel \u2013 zum Beispiel den Advents\u00adkranz. Aber wir haben noch mehr vor: 2022 wollen wir wieder gute Noten bekommen, viel Prak\u00adti\u00adsches lernen und neue Freunde und Kollegen kennen\u00adlernen.<\/p>\n<\/div>\n  <\/div>\n<\/div>\n<div class=\"mgznkr-flipcard-wrapper\"><div class=\"mgznkr-flipcard\"><div class=\"mgznkr-flipcard-content mgznkr-flipcard-content-front\">\n<div>\n<p><img loading=\"lazy\" decoding=\"async\" class=\"round alignnone wp-image-4840 size-full\" src=\"https:\/\/pactuell.com\/de\/wp-content\/uploads\/sites\/2\/2021\/12\/09_Bao-Yongkang-wonder.jpg\" alt width=\"600\" height=\"600\" srcset=\"https:\/\/pactuell.com\/de\/wp-content\/uploads\/sites\/2\/2021\/12\/09_Bao-Yongkang-wonder.jpg 600w, https:\/\/pactuell.com\/de\/wp-content\/uploads\/sites\/2\/2021\/12\/09_Bao-Yongkang-wonder-375x375.jpg 375w\" sizes=\"auto, (max-width: 600px) 100vw, 600px\"><\/p>\n<h2>Bao Yong\u00adkang (\u5305\u6c38\u5eb7), assembly worker,&nbsp;Wonder Packing<\/h2>\n<p><\/p>\n<p>Was war f\u00fcr dich der H\u00f6he\u00adpunkt des vergan\u00adgenen Jahres?<\/p>\n<\/div>\n<\/div>\n<div class=\"mgznkr-flipcard-content mgznkr-flipcard-content-back\">\n<p>Frohes Neues Jahr! &nbsp;\u65b0\u5e74\u5feb\u4e50\uff01<br>\nSeit zehn Jahren bin ich als Monta\u00adge\u00admit\u00adar\u00adbeiter im Unter\u00adnehmen t\u00e4tig und freue mich mein Jubli\u00adl\u00e4um zusammen mit Wonder zu feiern. W\u00e4hrend meiner Zeit bei Wonder habe ich meine wunder\u00adsch\u00f6ne Frau gehei\u00adratet und sie brachte vor drei Jahren meinen Sohn zur Welt. Ich liebe meine Familie, meine Arbeit und Wonder! <br>\nIch w\u00fcnsche&nbsp;euch allen das Beste f\u00fcr 2022!<\/p>\n<\/div>\n  <\/div>\n<\/div>\n<div class=\"mgznkr-flipcard-wrapper\"><div class=\"mgznkr-flipcard\"><div class=\"mgznkr-flipcard-content mgznkr-flipcard-content-front\">\n<div>\n<p><img loading=\"lazy\" decoding=\"async\" class=\"square alignnone wp-image-4839 size-full\" src=\"https:\/\/pactuell.com\/de\/wp-content\/uploads\/sites\/2\/2021\/12\/08_SAP-Projektteam-KOCH.jpg\" alt width=\"600\" height=\"450\"><\/p>\n<h2>Ein Teil des Projekt\u00adteams SAP S\/4HANA von KOCH Pac-Systeme GmbH<\/h2>\n<p><\/p>\n<p>Was war beson\u00adders gut im vergan\u00adgenen Jahr?&nbsp;<\/p>\n<\/div>\n<\/div>\n<div class=\"mgznkr-flipcard-content mgznkr-flipcard-content-back\">\n<p>SENSATIONELL war die Leis\u00adtung des gesamten KOCH-Projekt\u00adteams bei der Einf\u00fch\u00adrung von SAP S\/4HANA. Mit einer Lauf\u00adzeit von mehr als zwei Jahren, wert\u00advollen Diskus\u00adsionen, Ausdauer und unter erschwerten Corona-Bedin\u00adgungen haben wir dieses Projekt gemeinsam gerockt. <br>\nWir sind sehr stolz auf dieses Ergebnis!<\/p>\n<\/div>\n  <\/div>\n<\/div>\n<div class=\"mgznkr-flipcard-wrapper\"><div class=\"mgznkr-flipcard\"><div class=\"mgznkr-flipcard-content mgznkr-flipcard-content-front\">\n<div>\n<p><img loading=\"lazy\" decoding=\"async\" class=\"square alignnone wp-image-4841 size-full\" src=\"https:\/\/pactuell.com\/de\/wp-content\/uploads\/sites\/2\/2021\/12\/10_Sales-Department-Uhlmann-Singapore.jpg\" alt width=\"600\" height=\"450\"><\/p>\n<h2>Sales Depart\u00adment, Uhlmann Singa\u00adpore LLP<\/h2>\n<p><\/p>\n<p>Was w\u00fcnscht Ihr Euch f\u00fcr das neue Jahr?<\/p>\n<\/div>\n<\/div>\n<div class=\"mgznkr-flipcard-content mgznkr-flipcard-content-back\">\n<p>Gr\u00fc\u00dfe vom Team Singapur der Vertriebs\u00adab\u00adtei\u00adlung der Uhlmann-Gruppe! F\u00fcr das Jahr 2022 w\u00fcnschen wir uns, dass wir mit mehr Follo\u00adwern auf unserer LinkedIn-Seite (\u201eUhlmann Singa\u00adpore LLP\u201c) in Kontakt treten und wachsen k\u00f6nnen. Nat\u00fcr\u00adlich sind pers\u00f6n\u00adliche Gr\u00fc\u00dfe sehr will\u00adkommen! <br>\nFalls Sie es noch nicht getan haben, folgen Sie uns schnell auf LinkedIn!&nbsp;<\/p>\n<\/div>\n  <\/div>\n<\/div>\n<div class=\"mgznkr-flipcard-wrapper\"><div class=\"mgznkr-flipcard\"><div class=\"mgznkr-flipcard-content mgznkr-flipcard-content-front\">\n<div>\n<p><img loading=\"lazy\" decoding=\"async\" class=\"round alignnone wp-image-4842 size-full\" src=\"https:\/\/pactuell.com\/de\/wp-content\/uploads\/sites\/2\/2021\/12\/11_Christian-Mueller-USA.jpg\" alt width=\"600\" height=\"600\" srcset=\"https:\/\/pactuell.com\/de\/wp-content\/uploads\/sites\/2\/2021\/12\/11_Christian-Mueller-USA.jpg 600w, https:\/\/pactuell.com\/de\/wp-content\/uploads\/sites\/2\/2021\/12\/11_Christian-Mueller-USA-375x375.jpg 375w\" sizes=\"auto, (max-width: 600px) 100vw, 600px\"><\/p>\n<h2>Chris\u00adtian M\u00fcller, Director of Sales Engi\u00adnee\u00adring, Uhlmann Pack\u00ada\u00adging Systems L.P. USA<\/h2>\n<p><\/p>\n<p>Was macht die Weih\u00adnachts\u00adzeit f\u00fcr dich beson\u00adders?<\/p>\n<\/div>\n<\/div>\n<div class=\"mgznkr-flipcard-content mgznkr-flipcard-content-back\">\n<p>Da ich dieses Jahr Weih\u00adnachten nicht mit meiner Familie in Deutsch\u00adland verbringen kann, backe ich selbst\u00adge\u00admachte Brezeln. Beim Einsatz von Natron\u00adlauge ist h\u00f6chste Sicher\u00adheit gefor\u00addert \u2013 deshalb die Schutz\u00adklei\u00addung. <br>\nIch belohne mich (und meine lieben Kollegen) mit etwas, das mich an die Heimat erin\u00adnert.&nbsp;<\/p>\n<\/div>\n  <\/div>\n<\/div>\n<div class=\"mgznkr-flipcard-wrapper\"><div class=\"mgznkr-flipcard\"><div class=\"mgznkr-flipcard-content mgznkr-flipcard-content-front\">\n<div>\n<p><img loading=\"lazy\" decoding=\"async\" class=\"square alignnone wp-image-4821 size-full\" src=\"https:\/\/pactuell.com\/de\/wp-content\/uploads\/sites\/2\/2021\/12\/18_Kantine.jpg\" alt width=\"600\" height=\"450\"><\/p>\n<h2>Kantine, Uhlmann Laup\u00adheim<\/h2>\n<p><\/p>\n<p>Wie war das Jahr 2021 f\u00fcr Euch als Team?<\/p>\n<\/div>\n<\/div>\n<div class=\"mgznkr-flipcard-content mgznkr-flipcard-content-back\">\n<p>Auf alle F\u00e4lle sind wir gr\u00f6\u00df\u00adten\u00adteils gesund durch das Jahr 2021 gekommen! Die gr\u00f6\u00dfte Freude war f\u00fcr uns, dass wir wieder Essen (Fr\u00fch\u00adst\u00fcck, G\u00e4ste\u00adbe\u00adwir\u00adtung usw.) anbieten k\u00f6nnen. Vor allem der pers\u00f6n\u00adliche Kontakt mit den Mitarbeiter:innen hatte uns sehr gefehlt. <br>\nWir sind auch 2022 f\u00fcr Sie da!<\/p>\n<\/div>\n  <\/div>\n<\/div>\n<div class=\"mgznkr-flipcard-wrapper\"><div class=\"mgznkr-flipcard\"><div class=\"mgznkr-flipcard-content mgznkr-flipcard-content-front\">\n<div>\n<p><img loading=\"lazy\" decoding=\"async\" class=\"square alignnone wp-image-4843 size-full\" src=\"https:\/\/pactuell.com\/de\/wp-content\/uploads\/sites\/2\/2021\/12\/12_Fette-Compacting-GmbH-Uhlmann-France.jpg\" alt width=\"600\" height=\"450\"><\/p>\n<h2>Fette Compac\u00adting Uhlmann France S.A.S.<\/h2>\n<p><\/p>\n<p>Wie feiert Ihr als Team Weih\u00adnachten?&nbsp;&nbsp;<\/p>\n<\/div>\n<\/div>\n<div class=\"mgznkr-flipcard-content mgznkr-flipcard-content-back\">\n<p>Zun\u00e4chst einmal bekamen wir einen Advents\u00adka\u00adlender. Ein paar Tage vor Weih\u00adnachten haben wir einen Betriebs\u00adaus\u00adflug geplant, um das Jahres\u00adende gemeinsam zu feiern. Nach Weih\u00adnachten ist die Firma eine Woche lang geschlossen, da genie\u00dfen wir die Feier\u00adtage mit unseren Fami\u00adlien und feiern das neue Jahr.&nbsp;<br>\nFr\u00f6h\u00adliche Weih\u00adnachts\u00adfei\u00ader\u00adtage w\u00fcnscht das Team von Uhlmann Frank\u00adreich! Passen Sie gut auf sich auf!<\/p>\n<\/div>\n  <\/div>\n<\/div>\n<div class=\"mgznkr-flipcard-wrapper\"><div class=\"mgznkr-flipcard\"><div class=\"mgznkr-flipcard-content mgznkr-flipcard-content-front\">\n<div>\n<p><img loading=\"lazy\" decoding=\"async\" class=\"round alignnone wp-image-4844 size-full\" src=\"https:\/\/pactuell.com\/de\/wp-content\/uploads\/sites\/2\/2021\/12\/13_Olga-Roschina-Pharma-Union.jpg\" alt width=\"600\" height=\"600\" srcset=\"https:\/\/pactuell.com\/de\/wp-content\/uploads\/sites\/2\/2021\/12\/13_Olga-Roschina-Pharma-Union.jpg 600w, https:\/\/pactuell.com\/de\/wp-content\/uploads\/sites\/2\/2021\/12\/13_Olga-Roschina-Pharma-Union-375x375.jpg 375w\" sizes=\"auto, (max-width: 600px) 100vw, 600px\"><\/p>\n<h2>Olga Roschina, Sales Support\/Marketing, Pharma Union<\/h2>\n<p><\/p>\n<p>Was w\u00fcnschst du dir f\u00fcr das neue Jahr?<\/p>\n<\/div>\n<\/div>\n<div class=\"mgznkr-flipcard-content mgznkr-flipcard-content-back\">\n<p>Die schwie\u00adrige Pande\u00admie\u00adsi\u00adtua\u00adtion hat unser Team noch mehr zusam\u00admen\u00adge\u00adschwei\u00dft. Neben der heraus\u00adfor\u00addernden Zeit haben wir weiter gear\u00adbeitet, uns um unsere Liebsten gek\u00fcm\u00admert, die Natur genossen und die Kunst um uns herum. M\u00f6ge das n\u00e4chste Jahr gesund und munter weiter\u00adgehen. <br>\n\u0421 \u041d\u043e\u0432\u044b\u043c \u0413\u043e\u0434\u043e\u043c!&nbsp;<\/p>\n<\/div>\n  <\/div>\n<\/div>\n<div class=\"mgznkr-flipcard-wrapper\"><div class=\"mgznkr-flipcard\"><div class=\"mgznkr-flipcard-content mgznkr-flipcard-content-front\">\n<div>\n<p><img loading=\"lazy\" decoding=\"async\" class=\"round alignnone wp-image-4845 size-full\" src=\"https:\/\/pactuell.com\/de\/wp-content\/uploads\/sites\/2\/2021\/12\/14_Gabi-Bauer-Uhlmann-Laupheim.jpg\" alt width=\"600\" height=\"600\" srcset=\"https:\/\/pactuell.com\/de\/wp-content\/uploads\/sites\/2\/2021\/12\/14_Gabi-Bauer-Uhlmann-Laupheim.jpg 600w, https:\/\/pactuell.com\/de\/wp-content\/uploads\/sites\/2\/2021\/12\/14_Gabi-Bauer-Uhlmann-Laupheim-375x375.jpg 375w\" sizes=\"auto, (max-width: 600px) 100vw, 600px\"><\/p>\n<h2>Gabi Bauer, Head of Marke\u00adting Uhlmann Laup\u00adheim&nbsp;<\/h2>\n<p><\/p>\n<p>Was macht die Weih\u00adnachts\u00adzeit f\u00fcr dich aus?&nbsp;<\/p>\n<\/div>\n<\/div>\n<div class=\"mgznkr-flipcard-content mgznkr-flipcard-content-back\">\n<p>Da ich super gerne koche ist die Weih\u00adnachts\u00adzeit f\u00fcr mich ein beson\u00adderes High\u00adlight. Denn zu dieser Zeit komme ich gerne mit Familie, Freunden und auch Kollegen zusammen und verw\u00f6hne gerne mit einem eigenen Men\u00fc. Unsere Kultur h\u00e4lt zu dieser Zeit viele leckere Kompo\u00adnenten bereit: Frisch geern\u00adtete Kartof\u00adfeln f\u00fcr Th\u00fcringer Kl\u00f6\u00dfe, nach\u00adhaltig gehal\u00adtenes Gefl\u00fcgel f\u00fcr den G\u00e4nse\u00adbraten und Rotkohl von den Fildern f\u00fcr eine schmack\u00adhafte Beilage.&nbsp;<\/p>\n<\/div>\n  <\/div>\n<\/div>\n<div class=\"mgznkr-flipcard-wrapper\"><div class=\"mgznkr-flipcard\"><div class=\"mgznkr-flipcard-content mgznkr-flipcard-content-front\">\n<div>\n<p><img loading=\"lazy\" decoding=\"async\" class=\"square alignnone wp-image-4829 size-full\" src=\"https:\/\/pactuell.com\/de\/wp-content\/uploads\/sites\/2\/2021\/12\/25_Versand.jpg\" alt width=\"600\" height=\"450\"><\/p>\n<h2>Versand, Uhlmann Laup\u00adheim<\/h2>\n<p><\/p>\n<p>Was habt Ihr als Team in diesem Jahr beson\u00adders gut gemeis\u00adtert?<\/p>\n<\/div>\n<\/div>\n<div class=\"mgznkr-flipcard-content mgznkr-flipcard-content-back\">\n<p>Obwohl Corona unseren Arbeits\u00adalltag bestimmte, sind wir mit Arbeit gut ausge\u00adlastet gewesen. Im Zuge des Black-Belt-Projekts haben wir neben unserer Arbeit im Versand unsere Arbeits\u00adpl\u00e4tze umge\u00adstaltet. Trotzdem verbuchten wir zum Gesch\u00e4fts\u00adjah\u00adres\u00adab\u00adschluss im M\u00e4rz 2.500 verpackte und verschickte P\u00e4ck\u00adchen. <br>\nAllen Kolle\u00adginnen und Kollegen w\u00fcnschen wir eine sch\u00f6ne Advents\u00adzeit.<\/p>\n<\/div>\n  <\/div>\n<\/div>\n<div class=\"mgznkr-flipcard-wrapper\"><div class=\"mgznkr-flipcard\"><div class=\"mgznkr-flipcard-content mgznkr-flipcard-content-front\">\n<div>\n<p><img loading=\"lazy\" decoding=\"async\" class=\"round alignnone wp-image-4819 size-full\" src=\"https:\/\/pactuell.com\/de\/wp-content\/uploads\/sites\/2\/2021\/12\/15_Uhlmann-Uhlmann-Packaging-Systems-Shanghai-e1638377687238.jpg\" alt width=\"450\" height=\"450\" srcset=\"https:\/\/pactuell.com\/de\/wp-content\/uploads\/sites\/2\/2021\/12\/15_Uhlmann-Uhlmann-Packaging-Systems-Shanghai-e1638377687238.jpg 450w, https:\/\/pactuell.com\/de\/wp-content\/uploads\/sites\/2\/2021\/12\/15_Uhlmann-Uhlmann-Packaging-Systems-Shanghai-e1638377687238-375x375.jpg 375w\" sizes=\"auto, (max-width: 450px) 100vw, 450px\"><\/p>\n<h2>Uhlmann Pack\u00ada\u00adging Systems (Shanghai) Co. Ltd.<\/h2>\n<p><\/p>\n<p>Wie feiert Ihr Weih\u00adnachten im Team?<\/p>\n<\/div>\n<\/div>\n<div class=\"mgznkr-flipcard-content mgznkr-flipcard-content-back\">\n<p>Wir werden in ein deut\u00adsches Restau\u00adrant gehen und bei tradi\u00adtio\u00adnellem Essen wie Gans und Rotkohl ein Gef\u00fchl von Weih\u00adnachten bekommen. Zusammen mit den anderen Abtei\u00adlungen werden wir eine \u201eWichtel\u201c-Party veran\u00adstalten und kleine Geschenke austau\u00adschen. Ein gesundes und erfolg\u00adrei\u00adches neues Jahr allen Kolle\u00adginnen und Kollegen! \u5723\u8bde\u5feb\u4e50\uff0c\u5e73\u5b89\u5230\u6c38\u8fdc \u65b0\u5e74\u5feb\u4e50\uff0c\u5408\u5bb6\u6b22\u65e0\u8fb9<\/p>\n<\/div>\n  <\/div>\n<\/div>\n<div class=\"mgznkr-flipcard-wrapper\"><div class=\"mgznkr-flipcard\"><div class=\"mgznkr-flipcard-content mgznkr-flipcard-content-front\">\n<div>\n<p><img loading=\"lazy\" decoding=\"async\" class=\"square alignnone wp-image-4822 size-full\" src=\"https:\/\/pactuell.com\/de\/wp-content\/uploads\/sites\/2\/2021\/12\/18_Uhlmann-Packaging-Systems-Shanghai.jpg\" alt width=\"600\" height=\"450\"><\/p>\n<h2>Uhlmann Pack\u00ada\u00adging Systems (Shanghai) Co. Ltd.<\/h2>\n<p><\/p>\n<p>Was habt Ihr in diesem Jahr als Team beson\u00adders gut gemacht?&nbsp;<\/p>\n<\/div>\n<\/div>\n<div class=\"mgznkr-flipcard-content mgznkr-flipcard-content-back\">\n<p>Wir standen vor einem kompletten Wechsel der F\u00fchrung und der Vertriebs\u00adab\u00adtei\u00adlung inner\u00adhalb von UCN, der vom Inge\u00adnieur\u00adteam mit gro\u00dfem Einsatz unter\u00adst\u00fctzt wurde. Ich bin dankbar und stolz, dass mein Team so viel private Zeit und Energie einge\u00adbracht hat, um alle Projekte am Laufen zu halten. Alex\u00adander Steglich, Director Project Engi\u00adnee\u00adring, Uhlmann Shanghai<\/p>\n<\/div>\n  <\/div>\n<\/div>\n<div class=\"mgznkr-flipcard-wrapper\"><div class=\"mgznkr-flipcard\"><div class=\"mgznkr-flipcard-content mgznkr-flipcard-content-front\">\n<div>\n<p><img loading=\"lazy\" decoding=\"async\" class=\"square alignnone wp-image-4823 size-full\" src=\"https:\/\/pactuell.com\/de\/wp-content\/uploads\/sites\/2\/2021\/12\/Bild-solo.jpg\" alt width=\"600\" height=\"450\"><\/p>\n<h2>Digital Solu\u00adtions, Uhlmann Laup\u00adheim<\/h2>\n<p><\/p>\n<p>Wie viele Spra\u00adchen sprecht Ihr bei Digital Solu\u00adtions?<\/p>\n<\/div>\n<\/div>\n<div class=\"mgznkr-flipcard-content mgznkr-flipcard-content-back\">\n<p class=\"nomarginbottom\">Bei Digital Solu\u00adtions haben wir Kollegen aus neun verschie\u00addenen L\u00e4ndern. Wir sind f\u00fcr unsere Kunden in etwa 20 Spra\u00adchen erreichbar (inklu\u00adsive Schw\u00e4\u00adbisch) \u2013 aber wir alle spre\u00adchen \u201ePexcite\u201c.<\/p>\n<p><img loading=\"lazy\" decoding=\"async\" class=\"aligncenter wp-image-4893\" src=\"https:\/\/pactuell.com\/de\/wp-content\/uploads\/sites\/2\/2021\/12\/19_Digital-Solutions-Gruesse-680x817.jpg\" alt width=\"200\" height=\"240\" srcset=\"https:\/\/pactuell.com\/de\/wp-content\/uploads\/sites\/2\/2021\/12\/19_Digital-Solutions-Gruesse-680x817.jpg 680w, https:\/\/pactuell.com\/de\/wp-content\/uploads\/sites\/2\/2021\/12\/19_Digital-Solutions-Gruesse-768x922.jpg 768w, https:\/\/pactuell.com\/de\/wp-content\/uploads\/sites\/2\/2021\/12\/19_Digital-Solutions-Gruesse.jpg 900w\" sizes=\"auto, (max-width: 200px) 100vw, 200px\"><\/p>\n<\/div>\n  <\/div>\n<\/div>\n<div class=\"mgznkr-flipcard-wrapper\"><div class=\"mgznkr-flipcard\"><div class=\"mgznkr-flipcard-content mgznkr-flipcard-content-front\">\n<div>\n<p><img loading=\"lazy\" decoding=\"async\" class=\"square alignnone wp-image-4824 size-full\" src=\"https:\/\/pactuell.com\/de\/wp-content\/uploads\/sites\/2\/2021\/12\/20_Fuehrungsteam-Montage.jpg\" alt width=\"600\" height=\"450\"><\/p>\n<h2>F\u00fchrungs\u00adteam Montage, Uhlmann Laup\u00adheim<\/h2>\n<p><\/p>\n<p>Was habt Ihr als Team in diesem Jahr beson\u00adders gut gemeis\u00adtert?<\/p>\n<\/div>\n<\/div>\n<div class=\"mgznkr-flipcard-content mgznkr-flipcard-content-back\">\n<p>Trotz der ange\u00adspannten Corona Situa\u00adtion haben unsere Endmon\u00adteure die Neuma\u00adschinen welt\u00adweit bei unseren Kunden instal\u00adliert. Hierf\u00fcr noch\u00admals ein herz\u00adli\u00adches Danke\u00adsch\u00f6n daf\u00fcr! <br>\nWir w\u00fcnschen allen Kolle\u00adginnen&nbsp;und Kollegen einen sch\u00f6nen Jahres\u00adwechsel.<\/p>\n<\/div>\n  <\/div>\n<\/div>\n<div class=\"mgznkr-flipcard-wrapper\"><div class=\"mgznkr-flipcard\"><div class=\"mgznkr-flipcard-content mgznkr-flipcard-content-front\">\n<div>\n<p><img loading=\"lazy\" decoding=\"async\" class=\"round alignnone wp-image-4820 size-full\" src=\"https:\/\/pactuell.com\/de\/wp-content\/uploads\/sites\/2\/2021\/12\/17_Alexander-Steglich-Shanghai.jpg\" alt width=\"600\" height=\"600\" srcset=\"https:\/\/pactuell.com\/de\/wp-content\/uploads\/sites\/2\/2021\/12\/17_Alexander-Steglich-Shanghai.jpg 600w, https:\/\/pactuell.com\/de\/wp-content\/uploads\/sites\/2\/2021\/12\/17_Alexander-Steglich-Shanghai-375x375.jpg 375w\" sizes=\"auto, (max-width: 600px) 100vw, 600px\"><\/p>\n<h2>Alex\u00adander Steglich, Director Project Engi\u00adnee\u00adring, Uhlmann Shanghai<\/h2>\n<p><\/p>\n<p>Was macht die Weih\u00adnachts\u00adzeit f\u00fcr dich beson\u00adders?<\/p>\n<\/div>\n<\/div>\n<div class=\"mgznkr-flipcard-content mgznkr-flipcard-content-back\">\n<p>Die Weih\u00adnachts\u00adzeit ist immer noch eine Zeit mit der Familie und sehr alten Freunden in der Heimat\u00adstadt. Ich hoffe, dass es endlich eine Chance geben wird, Deutsch\u00adland zu besu\u00adchen und die Eltern und Freunde nach mehr als zwei Jahren wieder\u00adzu\u00adsehen. Gleich\u00adzeitig hoffe ich f\u00fcr alle Kollegen, dass sie Zeit mit ihren Fami\u00adlien verbringen k\u00f6nnen und das Jahr 2022 mit Gesund\u00adheit und Frieden beginnen.<\/p>\n<\/div>\n  <\/div>\n<\/div>\n<div class=\"mgznkr-flipcard-wrapper\"><div class=\"mgznkr-flipcard\"><div class=\"mgznkr-flipcard-content mgznkr-flipcard-content-front\">\n<div>\n<p><img loading=\"lazy\" decoding=\"async\" class=\"square alignnone wp-image-4826 size-full\" src=\"https:\/\/pactuell.com\/de\/wp-content\/uploads\/sites\/2\/2021\/12\/22_Personalentwicklung.jpg\" alt width=\"600\" height=\"450\"><\/p>\n<h2>Perso\u00adnal\u00adent\u00adwick\u00adlung, Uhlmann Laup\u00adheim<\/h2>\n<p><\/p>\n<p>Wie hielt Euer Team trotz coro\u00adnabe\u00addingtem Home\u00adof\u00adfice im vergan\u00adgenen Jahr zusammen?&nbsp;<\/p>\n<\/div>\n<\/div>\n<div class=\"mgznkr-flipcard-content mgznkr-flipcard-content-back\">\n<p>Zusam\u00admen\u00adhalt?! Das gab es in unserem Team schon immer! Auch das Home\u00adof\u00adfice konnte uns hier nicht&nbsp;ausein\u00adan\u00adder\u00adbringen! Mit unseren w\u00f6chent\u00adli\u00adchen Meetings, das Monday-Smart-Meeting, den UHRD-Jour Fixe am Mitt\u00adwoch und dem Coffee-Break&nbsp;am Freitag, ging das ganz leicht!&nbsp;<br>\nWir w\u00fcnschen&nbsp;allen&nbsp;Teams eine weitere sch\u00f6ne Zusam\u00admen\u00adar\u00adbeit und&nbsp;frohe&nbsp;Weih\u00adnachten!&nbsp;<\/p>\n<\/div>\n  <\/div>\n<\/div>\n<div class=\"mgznkr-flipcard-wrapper\"><div class=\"mgznkr-flipcard\"><div class=\"mgznkr-flipcard-content mgznkr-flipcard-content-front\">\n<div>\n<p><img loading=\"lazy\" decoding=\"async\" class=\"square alignnone wp-image-4828 size-full\" src=\"https:\/\/pactuell.com\/de\/wp-content\/uploads\/sites\/2\/2021\/12\/24_Uhlmann-Orchester.jpg\" alt width=\"600\" height=\"450\"><\/p>\n<h2>Das Uhlmann Orchester w\u00fcnscht<\/h2>\n<p><\/p>\n<h2>\u201eFeliz Navidad\u201c<\/h2>\n<\/div>\n<\/div>\n<div class=\"mgznkr-flipcard-content mgznkr-flipcard-content-back\">\n<p>Ein \u201eMonster\u201c habe er erschaffen, sagte der blinde S\u00e4nger Jos\u00e9 Feli\u00adciano einst \u00fcber seinen gr\u00f6\u00dften Weih\u00adnachts-Hit. Feliz Navidad kehrt j\u00e4hr\u00adlich wieder und wird immer gr\u00f6\u00dfer. Ein Geheimnis des Erfolges ist die Einfach\u00adheit.&nbsp;Drei Akkorde \u2013 21-mal \u201aFeliz Navidad\u2018 und 16-mal \u201aI Wanna Wish You A Merry Christmas\u2018. Fr\u00f6h\u00adliche Weih\u00adnachten w\u00fcnscht Euch Euer Orchester!<\/p>\n<\/div>\n  <\/div>\n<\/div>\n<div class=\"mgznkr-flipcard-wrapper\"><div class=\"mgznkr-flipcard\"><div class=\"mgznkr-flipcard-content mgznkr-flipcard-content-front\">\n<div>\n<p><img loading=\"lazy\" decoding=\"async\" class=\"round alignnone wp-image-4827 size-full\" src=\"https:\/\/pactuell.com\/de\/wp-content\/uploads\/sites\/2\/2021\/12\/23_Tereza-Lang-Sales-Tools.jpg\" alt width=\"600\" height=\"600\" srcset=\"https:\/\/pactuell.com\/de\/wp-content\/uploads\/sites\/2\/2021\/12\/23_Tereza-Lang-Sales-Tools.jpg 600w, https:\/\/pactuell.com\/de\/wp-content\/uploads\/sites\/2\/2021\/12\/23_Tereza-Lang-Sales-Tools-375x375.jpg 375w\" sizes=\"auto, (max-width: 600px) 100vw, 600px\"><\/p>\n<h2>Tereza Lang, Sales Tools &amp; Templates<\/h2>\n<p><\/p>\n<p>Welche beson\u00adderen Projekte konntet Ihr im vergan\u00adgenen Jahr reali\u00adsieren?<\/p>\n<\/div>\n<\/div>\n<div class=\"mgznkr-flipcard-content mgznkr-flipcard-content-back\">\n<p>Wir konnten im vergan\u00adgenen Jahr wieder vertriebs\u00adre\u00adle\u00advante Prozesse durch die Abbil\u00addung in Sales\u00adforce weiter digi\u00adta\u00adli\u00adsieren und auto\u00adma\u00adti\u00adsieren, dadurch zentral f\u00fcr unsere Sales Kollegen welt\u00adweit verf\u00fcgbar machen. Ob im B\u00fcro oder zuhause sind mit Sales\u00adforce alle auf dem Laufenden. <br>\nFrohe Weih\u00adnachten!<\/p>\n<\/div>\n  <\/div>\n<\/div>\n<div class=\"mgznkr-flipcard-wrapper\"><div class=\"mgznkr-flipcard\"><div class=\"mgznkr-flipcard-content mgznkr-flipcard-content-front\">\n<div>\n<p><img loading=\"lazy\" decoding=\"async\" class=\"square alignnone wp-image-4830 size-full\" src=\"https:\/\/pactuell.com\/de\/wp-content\/uploads\/sites\/2\/2021\/12\/26_Zentrale.jpg\" alt width=\"600\" height=\"450\"><\/p>\n<h2>Zentrale, Uhlmann Laup\u00adheim<\/h2>\n<p><\/p>\n<p>Wie haben sich die Besu\u00adcher\u00adzahlen w\u00e4hrend Corona ge\u00e4n\u00addert und was w\u00fcnscht Ihr Euch f\u00fcr 2022?<\/p>\n<\/div>\n<\/div>\n<div class=\"mgznkr-flipcard-content mgznkr-flipcard-content-back\">\n<p>Die Anzahl der Besu\u00adcher hat sich von 2019 (10609 Besu\u00adcher) auf 2020 (5841 Besu\u00adcher) beinahe halbiert. 2021 gab\u2019s mehr externen Besuch, aber das scheint sich momentan wieder zu \u00e4ndern. F\u00fcrs 2022 w\u00fcnschen wir allen vor allem eine gute Gesund\u00adheit und bleibt unver\u00adzagt! Und uns w\u00fcnschen wir wieder etwas weniger B\u00fcro\u00adkratie. \ud83d\ude42 <br>\nEuer Empfangs\u00adteam: <br>\nAntje, Annette &amp; Ingrid<\/p>\n<\/div>\n  <\/div>\n<\/div>\n<div class=\"mgznkr-flipcard-wrapper\"><div class=\"mgznkr-flipcard\"><div class=\"mgznkr-flipcard-content mgznkr-flipcard-content-front\">\n<div>\n<p><img loading=\"lazy\" decoding=\"async\" class=\"square alignnone wp-image-4925 size-medium\" src=\"https:\/\/pactuell.com\/de\/wp-content\/uploads\/sites\/2\/2021\/12\/pacutell-weihnachten-4-680x415.jpg\" alt width=\"680\" height=\"415\" srcset=\"https:\/\/pactuell.com\/de\/wp-content\/uploads\/sites\/2\/2021\/12\/pacutell-weihnachten-4-680x415.jpg 680w, https:\/\/pactuell.com\/de\/wp-content\/uploads\/sites\/2\/2021\/12\/pacutell-weihnachten-4-980x599.jpg 980w, https:\/\/pactuell.com\/de\/wp-content\/uploads\/sites\/2\/2021\/12\/pacutell-weihnachten-4-768x469.jpg 768w, https:\/\/pactuell.com\/de\/wp-content\/uploads\/sites\/2\/2021\/12\/pacutell-weihnachten-4-1536x938.jpg 1536w, https:\/\/pactuell.com\/de\/wp-content\/uploads\/sites\/2\/2021\/12\/pacutell-weihnachten-4-2048x1251.jpg 2048w, https:\/\/pactuell.com\/de\/wp-content\/uploads\/sites\/2\/2021\/12\/pacutell-weihnachten-4-1800x1099.jpg 1800w\" sizes=\"auto, (max-width: 680px) 100vw, 680px\"><\/p>\n<h2>Redak\u00adti\u00adons\u00adteam pactuell<\/h2>\n<p><\/p>\n<p>Was w\u00fcnschen wir uns f\u00fcr 2022?<\/p>\n<\/div>\n<\/div>\n<div class=\"mgznkr-flipcard-content mgznkr-flipcard-content-back\">\n<p class=\"nomarginbottom\">Liebe Kolle\u00adginnen und Kollegen, 23 Beitr\u00e4ge haben wir 2021 ver\u00f6f\u00adfent\u00adlicht. Bei so vielen inter\u00ades\u00adsanten Kolle\u00adginnen und Kollegen, Aufgaben und Projekten, gibt es noch viel zu berichten. Deshalb w\u00fcnschen wir uns: Antworten von Euch! Welche Themen inter\u00ades\u00adsieren Euch beson\u00adders? Oder h\u00e4ttet Ihr selbst Lust, etwas zu schreiben? Mailt uns an <a href=\"&#109;&#x61;i&#108;&#x74;&#111;&#x3a;p&#97;&#x63;t&#x75;&#x65;&#108;&#x6c;&#64;&#117;&#x68;l&#x6d;&#x61;&#110;&#x6e;&#46;&#100;&#x65;\">&#x70;&#97;&#x63;&#x74;u&#x65;&#108;l&#x40;&#117;h&#x6c;&#109;&#x61;&#x6e;n&#x2e;&#100;e<\/a>! Frohe Weih\u00adnachten und einen guten Start ins neue Jahr! Euer pactuell-Team<\/p>\n<\/div>\n  <\/div>\n<\/div>\n<\/div>\n<\/div>\n","protected":false},"excerpt":{"rendered":"<p>2021 neigt sich dem Ende zu. Zeit, einmal inne\u00adzu\u00adhalten, zur\u00fcck- und voraus\u00adzu\u00adbli\u00adcken \u2013 und sich anzu\u00adschauen, was uns die Kolle\u00adginnen und Kollegen der Uhlmann Group welt\u00adweit erz\u00e4hlen. Klickt auf die einzelnen Karten und kommt in festliche Stim\u00admung! [\u2026]<\/p>\n<p><a class=\"btn btn-secondary understrap-read-more-link\" href=\"https:\/\/pactuell.com\/de\/dezemberspecial\/\">Weiter\u00adlesen&nbsp;\u2026<span class=\"screen-reader-text\"> from Da steckt Uhlmann drin<\/span><\/a><\/p>\n","protected":false},"author":6,"featured_media":4948,"comment_status":"closed","ping_status":"closed","sticky":false,"template":"","format":"standard","meta":{"_acf_changed":false,"wp_typography_post_enhancements_disabled":false,"footnotes":""},"categories":[1],"tags":[],"class_list":["post-4741","post","type-post","status-publish","format-standard","has-post-thumbnail","hentry","category-pactuell"],"acf":[],"_links":{"self":[{"href":"https:\/\/pactuell.com\/de\/wp-json\/wp\/v2\/posts\/4741","targetHints":{"allow":["GET"]}}],"collection":[{"href":"https:\/\/pactuell.com\/de\/wp-json\/wp\/v2\/posts"}],"about":[{"href":"https:\/\/pactuell.com\/de\/wp-json\/wp\/v2\/types\/post"}],"author":[{"embeddable":true,"href":"https:\/\/pactuell.com\/de\/wp-json\/wp\/v2\/users\/6"}],"replies":[{"embeddable":true,"href":"https:\/\/pactuell.com\/de\/wp-json\/wp\/v2\/comments?post=4741"}],"version-history":[{"count":136,"href":"https:\/\/pactuell.com\/de\/wp-json\/wp\/v2\/posts\/4741\/revisions"}],"predecessor-version":[{"id":4954,"href":"https:\/\/pactuell.com\/de\/wp-json\/wp\/v2\/posts\/4741\/revisions\/4954"}],"wp:featuredmedia":[{"embeddable":true,"href":"https:\/\/pactuell.com\/de\/wp-json\/wp\/v2\/media\/4948"}],"wp:attachment":[{"href":"https:\/\/pactuell.com\/de\/wp-json\/wp\/v2\/media?parent=4741"}],"wp:term":[{"taxonomy":"category","embeddable":true,"href":"https:\/\/pactuell.com\/de\/wp-json\/wp\/v2\/categories?post=4741"},{"taxonomy":"post_tag","embeddable":true,"href":"https:\/\/pactuell.com\/de\/wp-json\/wp\/v2\/tags?post=4741"}],"curies":[{"name":"wp","href":"https:\/\/api.w.org\/{rel}","templated":true}]}}