{"id":393,"date":"2019-11-10T09:15:26","date_gmt":"2019-11-10T08:15:26","guid":{"rendered":"https:\/\/pactuell.com\/de\/?p=393"},"modified":"2019-12-16T16:05:51","modified_gmt":"2019-12-16T15:05:51","slug":"minicar-elektro-oder-verbrennungsmotor","status":"publish","type":"post","link":"https:\/\/pactuell.com\/de\/minicar-elektro-oder-verbrennungsmotor\/","title":{"rendered":"Minicar mit Elektro- oder Verbren\u00adnungs\u00admotor?"},"content":{"rendered":"<h3>Elektro-Rennen<\/h3>\n<p>\u201eBei Minicar-Rennen mit Elek\u00adtro\u00admotor dreht sich alles um den Akku. Um sicher\u00adzu\u00adstellen, dass der Fahrer diesen nicht mani\u00adpu\u00adliert hat, messen die Veran\u00adstalter vor dem Rennen die Akku\u00adspan\u00adnung. Zudem wiegen sie die Elektro-Autos. Sie m\u00fcssen alle in der glei\u00adchen ,Gewichts\u00adklasse\u2018 fahren.<\/p>\n<p>Aufgrund der kurzen Akku-Lauf\u00adzeit ist die Fahr\u00adzeit bei Elektro-Rennen auf zehn Minuten begrenzt, zwischen den verschie\u00addenen L\u00e4ufen muss man immer laden. Die Akkus nach\u00adzu\u00adladen dauert etwa 30 bis 60 Minuten. Zwischen den Rennen liegt deswegen immer viel Zeit.<\/p>\n<p><img loading=\"lazy\" decoding=\"async\" class=\"alignnone wp-image-684 size-medium\" src=\"https:\/\/pactuell.com\/de\/wp-content\/uploads\/sites\/2\/2019\/12\/Minicar_Aufmacher_980px-680x510.jpg\" alt width=\"680\" height=\"510\" srcset=\"https:\/\/pactuell.com\/de\/wp-content\/uploads\/sites\/2\/2019\/12\/Minicar_Aufmacher_980px-680x510.jpg 680w, https:\/\/pactuell.com\/de\/wp-content\/uploads\/sites\/2\/2019\/12\/Minicar_Aufmacher_980px-768x576.jpg 768w, https:\/\/pactuell.com\/de\/wp-content\/uploads\/sites\/2\/2019\/12\/Minicar_Aufmacher_980px.jpg 980w\" sizes=\"auto, (max-width: 680px) 100vw, 680px\"><\/p>\n<h3>Verbrenner-Rennen<\/h3>\n<p>Bei Rennen mit Verbren\u00adnungs\u00admotor-Mini\u00adcars darf der Tank mit maximal 125 Milli\u00adli\u00adtern Sprit gef\u00fcllt sein. Das messen die Veran\u00adstalter vor den Rennen nach. Auch die Zusam\u00admen\u00adset\u00adzung des Nitro\u00adme\u00adtha\u00adnols im Tank muss stimmen.<\/p>\n<p>Mit einer solchen Tank\u00adf\u00fcl\u00adlung f\u00e4hrt ein Minicar etwa acht Minuten. Bei regio\u00adnalen Rennen wie der baden-w\u00fcrt\u00adtem\u00adber\u00adgi\u00adschen Meis\u00adter\u00adschaft mit einer Dauer von 30 bis 40 Minuten sind deswegen etwa vier Boxen\u00adstopps notwendig, um ins Ziel zu kommen. F\u00fcr das Tanken braucht der Minicar-Fahrer einen Helfer. Denn es w\u00fcrde viel zu viel Zeit kosten, wenn der Fahrer jedes Mal von der Erh\u00f6\u00adhung neben der Bahn, von der aus er sein Auto steuert, bis zum Boxen\u00adstopp laufen m\u00fcsste. Ich spanne daf\u00fcr immer einen Freund ein. Der holt das Auto auch und startet es neu, falls der Motor w\u00e4hrend des Rennens einmal ausgeht.<\/p>\n<p>Der Motor\u00adsound der Verbrenner-Minis klingt wie im Motor\u00adsport bei der Formel 1 oder der Deut\u00adschen Touren\u00adwagen-Masters, kurz DTM. Damit die Autos nicht zu laut werden, muss der Auspuff den Normen entspre\u00adchen. Die Schieds\u00adrichter pr\u00fcfen deswegen vor dem Wett\u00adkampf die Zulas\u00adsungs\u00adnummer jedes Auspuffs.<\/p>\n<p>Mir pers\u00f6n\u00adlich gefallen die Rennen mit Verbrenner mehr. Es ist span\u00adnender \u2013 wegen der Boxen\u00adstopps und weil das Auto aufgrund der l\u00e4ngeren Fahr\u00adzeit mehr aushalten muss und \u00f6fter etwas kaputt\u00adgeht. Zudem hat man den Stress mit dem Laden des Akkus nicht.\u201c<\/p>\n","protected":false},"excerpt":{"rendered":"<p>Service Engi\u00adneer Morris Volde\u00adnauer erkl\u00e4rt, wo die Unter\u00adschiede bei den Minicar-Rennen liegen und mit welchem Auto er lieber f\u00e4hrt. [\u2026]<\/p>\n<p><a class=\"btn btn-secondary understrap-read-more-link\" href=\"https:\/\/pactuell.com\/de\/minicar-elektro-oder-verbrennungsmotor\/\">Weiter\u00adlesen&nbsp;\u2026<span class=\"screen-reader-text\"> from Minicar mit Elektro- oder Verbren\u00adnungs\u00admotor?<\/span><\/a><\/p>\n","protected":false},"author":6,"featured_media":676,"comment_status":"closed","ping_status":"open","sticky":false,"template":"","format":"standard","meta":{"_acf_changed":false,"wp_typography_post_enhancements_disabled":false,"footnotes":""},"categories":[1],"tags":[],"class_list":["post-393","post","type-post","status-publish","format-standard","has-post-thumbnail","hentry","category-pactuell"],"acf":[],"_links":{"self":[{"href":"https:\/\/pactuell.com\/de\/wp-json\/wp\/v2\/posts\/393","targetHints":{"allow":["GET"]}}],"collection":[{"href":"https:\/\/pactuell.com\/de\/wp-json\/wp\/v2\/posts"}],"about":[{"href":"https:\/\/pactuell.com\/de\/wp-json\/wp\/v2\/types\/post"}],"author":[{"embeddable":true,"href":"https:\/\/pactuell.com\/de\/wp-json\/wp\/v2\/users\/6"}],"replies":[{"embeddable":true,"href":"https:\/\/pactuell.com\/de\/wp-json\/wp\/v2\/comments?post=393"}],"version-history":[{"count":19,"href":"https:\/\/pactuell.com\/de\/wp-json\/wp\/v2\/posts\/393\/revisions"}],"predecessor-version":[{"id":1114,"href":"https:\/\/pactuell.com\/de\/wp-json\/wp\/v2\/posts\/393\/revisions\/1114"}],"wp:featuredmedia":[{"embeddable":true,"href":"https:\/\/pactuell.com\/de\/wp-json\/wp\/v2\/media\/676"}],"wp:attachment":[{"href":"https:\/\/pactuell.com\/de\/wp-json\/wp\/v2\/media?parent=393"}],"wp:term":[{"taxonomy":"category","embeddable":true,"href":"https:\/\/pactuell.com\/de\/wp-json\/wp\/v2\/categories?post=393"},{"taxonomy":"post_tag","embeddable":true,"href":"https:\/\/pactuell.com\/de\/wp-json\/wp\/v2\/tags?post=393"}],"curies":[{"name":"wp","href":"https:\/\/api.w.org\/{rel}","templated":true}]}}