{"id":1611,"date":"2020-05-13T11:40:38","date_gmt":"2020-05-13T09:40:38","guid":{"rendered":"https:\/\/pactuell.com\/de\/?p=1611"},"modified":"2020-05-13T11:40:38","modified_gmt":"2020-05-13T09:40:38","slug":"der-austausch-zaehlt","status":"publish","type":"post","link":"https:\/\/pactuell.com\/de\/der-austausch-zaehlt\/","title":{"rendered":"Der Austausch z\u00e4hlt"},"content":{"rendered":"<p>Am liebsten w\u00fcrden sie ihn gar nicht mehr gehen lassen. Darin sind sich der Elek\u00adtriker Edwin Bevers und der Mecha\u00adniker Erwin van Dreunen einig. Wenn Juri Rosin, Endmon\u00adteur der Flaschen\u00adlinie IBC 150, zum 1. August 2020 Lisse wieder gegen Laup\u00adheim tauscht, werden die drei Kollegen ein Jahr lang eng zusam\u00admen\u00adge\u00adar\u00adbeitet haben. \u201eWenn Juri wieder weg ist, sind wir auf uns gestellt \u2013 und ein Jahr ist kurz, um alles zur IBC 150 zu lernen\u201c, sagt Edwin Bevers.<\/p>\n<blockquote>\n<p>Ein Jahr ist kurz, um alles zur IBC 150 zu lernen.<\/p>\n<p><cite>Edwin Bevers, Elek\u00adtriker bei Cremer<\/cite><\/p>\n<\/blockquote>\n<p>Vor der Verla\u00adge\u00adrung der Flaschen\u00adlinie IBC 150 von Deutsch\u00adland in die Nieder\u00adlande produ\u00adzierte Cremer zun\u00e4chst nur die Z\u00e4hl\u00adein\u00adheit f\u00fcr die Maschine. Aus stra\u00adte\u00adgi\u00adschen Gr\u00fcnden entschied die Gesch\u00e4fts\u00adf\u00fch\u00adrung 2018, dass Cremer die Verant\u00adwor\u00adtung f\u00fcr den Flaschen\u00adf\u00fcller IBC 150 \u00fcber\u00adnehmen soll. \u201eDas war eine gro\u00dfe \u00dcber\u00adra\u00adschung und ich war zun\u00e4chst entt\u00e4uscht, weil ich an der Maschine h\u00e4nge. Sie ist mein Baby\u201c, sagt Juri Rosin.<\/p>\n<h3>Gute H\u00e4nde f\u00fcrs Baby<\/h3>\n<p>Daf\u00fcr, dass es in gute H\u00e4nde kommt, die wissen, welche Hand\u00adgriffe n\u00f6tig sind, sorgt Juri Rosin deshalb selbst. Er ergriff die Chance, die IBC 150 in ihre neue Heimat zu begleiten und zog im Juli 2019 nach Holland. Seine Frau und seine drei Kinder blieben in Aulen\u00addorf. Bis zu seiner R\u00fcck\u00adkehr im August sieht Juri Rosin sie jedes zweite Wochen\u00adende, in den Ferien und \u00fcber digi\u00adtale Kan\u00e4le.<\/p>\n<figure id=\"attachment_1619\" aria-describedby=\"caption-attachment-1619\" style=\"width: 375px\" class=\"wp-caption aligncenter\"><img loading=\"lazy\" decoding=\"async\" class=\"wp-image-1619 size-thumbnail\" src=\"https:\/\/pactuell.com\/de\/wp-content\/uploads\/sites\/2\/2020\/05\/Juri-web-375x375.jpg\" alt width=\"375\" height=\"375\" srcset=\"https:\/\/pactuell.com\/de\/wp-content\/uploads\/sites\/2\/2020\/05\/Juri-web-375x375.jpg 375w, https:\/\/pactuell.com\/de\/wp-content\/uploads\/sites\/2\/2020\/05\/Juri-web-600x600.jpg 600w\" sizes=\"auto, (max-width: 375px) 100vw, 375px\"><figcaption id=\"caption-attachment-1619\" class=\"wp-caption-text\">Juri Rosin kennt sich aus mit seiner IBC 150.<\/figcaption><\/figure>\n<p>Sein Mecha\u00adtro\u00adniker-Wissen, das der 39-J\u00e4hrige seit 2014 bei Uhlmann sammelt und einbringt, soll die Kollegen bei Cremer in die Lage versetzen, k\u00fcnftig die komplette IBC 150 eigen\u00adst\u00e4ndig zu produ\u00adzieren.<\/p>\n<h3>Mentor und Kontakt\u00admann<\/h3>\n<p>Dass ein Kollege oder eine Kollegin an anderen Stand\u00adorten f\u00fcr den Wissens\u00adtransfer einge\u00adsetzt wird, ist bei Uhlmann nicht unge\u00adw\u00f6hn\u00adlich. Und bei Juri Rosin und Cremer zeigt sich, wie sinn\u00advoll diese Art des Austauschs ist.<\/p>\n<figure id=\"attachment_1620\" aria-describedby=\"caption-attachment-1620\" style=\"width: 375px\" class=\"wp-caption aligncenter\"><img loading=\"lazy\" decoding=\"async\" class=\"wp-image-1620 size-thumbnail\" src=\"https:\/\/pactuell.com\/de\/wp-content\/uploads\/sites\/2\/2020\/05\/Edwin-web-375x375.jpg\" alt width=\"375\" height=\"375\" srcset=\"https:\/\/pactuell.com\/de\/wp-content\/uploads\/sites\/2\/2020\/05\/Edwin-web-375x375.jpg 375w, https:\/\/pactuell.com\/de\/wp-content\/uploads\/sites\/2\/2020\/05\/Edwin-web-600x600.jpg 600w\" sizes=\"auto, (max-width: 375px) 100vw, 375px\"><figcaption id=\"caption-attachment-1620\" class=\"wp-caption-text\">Edwin Bevers hat in Juri Rosin auch einen Angel\u00adkol\u00adlegen gefunden.<\/figcaption><\/figure>\n<p>\u201eH\u00e4ufig hat man einfach eine andere Heran\u00adge\u00adhens\u00adweise oder ein anderes Programm. Da hilft es sehr, wenn es jemand kurz und unkom\u00adpli\u00adziert an der Maschine erkl\u00e4ren kann\u201c, sagt der 53-j\u00e4hrige Erwin van Dreunen und bezeichnet das IBC 150 augen\u00adzwin\u00adkernd als \u201eunser adop\u00adtiertes Baby\u201c. Sein Kollege Edwin Bevers erg\u00e4nzt: \u201eDer pers\u00f6n\u00adliche Kontakt ist wichtig. Wir kennen die Ansprech\u00adpartner bei Uhlmann nicht. Juri ist unser Kontakt\u00admann. Und inzwi\u00adschen ist er einer von uns.\u201c<\/p>\n<p>So beschr\u00e4nkt sich der Austausch zwischen den Cremer-Kollegen und ihrem Flaschen\u00adf\u00fcller-Mentor denn auch nicht auf die Arbeit: \u201eDas merkte ich von Anfang an: Hier sind die Arbeit und das Private nicht so streng vonein\u00adander getrennt. Das gef\u00e4llt mir\u201c, sagt Juri Rosin.<\/p>\n<p>Gemein\u00adsames Angeln mit den Kollegen, ein Feier\u00adabend\u00adbier und Gespr\u00e4che \u00fcber Gott und die Welt geh\u00f6ren dazu. Meist auf Englisch, aber auch ein paar Brocken Nieder\u00adl\u00e4n\u00addisch hat Juri Rosin inzwi\u00adschen gelernt. \u201eEr versteht mehr, als wir ahnen\u201c, sagt der 52-j\u00e4hrige Edwin Bevers lachend und freut sich auch \u00fcber Wissens\u00adzu\u00adwachs auf anderem Gebiet: \u201eWir kennen jetzt Weizen und Wei\u00df\u00adbier.\u201c<\/p>\n<figure id=\"attachment_1622\" aria-describedby=\"caption-attachment-1622\" style=\"width: 375px\" class=\"wp-caption aligncenter\"><img loading=\"lazy\" decoding=\"async\" class=\"wp-image-1622 size-thumbnail\" src=\"https:\/\/pactuell.com\/de\/wp-content\/uploads\/sites\/2\/2020\/05\/Erwin-web-375x375.jpg\" alt width=\"375\" height=\"375\" srcset=\"https:\/\/pactuell.com\/de\/wp-content\/uploads\/sites\/2\/2020\/05\/Erwin-web-375x375.jpg 375w, https:\/\/pactuell.com\/de\/wp-content\/uploads\/sites\/2\/2020\/05\/Erwin-web-600x600.jpg 600w\" sizes=\"auto, (max-width: 375px) 100vw, 375px\"><figcaption id=\"caption-attachment-1622\" class=\"wp-caption-text\">Erwin van Dreunen arbeitet seit 2006 bei Cremer.<\/figcaption><\/figure>\n<p>Er und Erwin van Dreunen sind von August an ma\u00dfgeb\u00adlich f\u00fcr das IBC 150 zust\u00e4ndig. Noch haben sie Respekt vor der Heraus\u00adfor\u00adde\u00adrung, ohne Juri Rosin klar\u00adkommen zu m\u00fcssen. Aber die Verbin\u00addung bleibt bestehen: Bei Fragen zur Maschine schaut Juri Rosin k\u00fcnftig einfach digital \u00fcber die Schulter. Und viel\u00adleicht kommt dann auch einmal das eine oder andere Paket mit holl\u00e4n\u00addi\u00adschem Brot, f\u00fcr das der Ober\u00adschwabe so schw\u00e4rmt.<\/p>\n","protected":false},"excerpt":{"rendered":"<p>Die Gesamt\u00adver\u00adant\u00adwor\u00adtung f\u00fcr den Flaschen\u00adf\u00fcller IBC 150 wird im Laufe des Jahres 2020 komplett von Laup\u00adheim zu Cremer in Lisse verla\u00adgert. Das n\u00f6tige Wissen f\u00fcr den Bau der Maschine vermit\u00adtelt unser Kollege Juri Rosin vor Ort. [\u2026]<\/p>\n<p><a class=\"btn btn-secondary understrap-read-more-link\" href=\"https:\/\/pactuell.com\/de\/der-austausch-zaehlt\/\">Weiter\u00adlesen&nbsp;\u2026<span class=\"screen-reader-text\"> from Der Austausch z\u00e4hlt<\/span><\/a><\/p>\n","protected":false},"author":2,"featured_media":1628,"comment_status":"closed","ping_status":"closed","sticky":false,"template":"","format":"standard","meta":{"_acf_changed":false,"wp_typography_post_enhancements_disabled":false,"footnotes":""},"categories":[1],"tags":[],"class_list":["post-1611","post","type-post","status-publish","format-standard","has-post-thumbnail","hentry","category-pactuell"],"acf":[],"_links":{"self":[{"href":"https:\/\/pactuell.com\/de\/wp-json\/wp\/v2\/posts\/1611","targetHints":{"allow":["GET"]}}],"collection":[{"href":"https:\/\/pactuell.com\/de\/wp-json\/wp\/v2\/posts"}],"about":[{"href":"https:\/\/pactuell.com\/de\/wp-json\/wp\/v2\/types\/post"}],"author":[{"embeddable":true,"href":"https:\/\/pactuell.com\/de\/wp-json\/wp\/v2\/users\/2"}],"replies":[{"embeddable":true,"href":"https:\/\/pactuell.com\/de\/wp-json\/wp\/v2\/comments?post=1611"}],"version-history":[{"count":23,"href":"https:\/\/pactuell.com\/de\/wp-json\/wp\/v2\/posts\/1611\/revisions"}],"predecessor-version":[{"id":1648,"href":"https:\/\/pactuell.com\/de\/wp-json\/wp\/v2\/posts\/1611\/revisions\/1648"}],"wp:featuredmedia":[{"embeddable":true,"href":"https:\/\/pactuell.com\/de\/wp-json\/wp\/v2\/media\/1628"}],"wp:attachment":[{"href":"https:\/\/pactuell.com\/de\/wp-json\/wp\/v2\/media?parent=1611"}],"wp:term":[{"taxonomy":"category","embeddable":true,"href":"https:\/\/pactuell.com\/de\/wp-json\/wp\/v2\/categories?post=1611"},{"taxonomy":"post_tag","embeddable":true,"href":"https:\/\/pactuell.com\/de\/wp-json\/wp\/v2\/tags?post=1611"}],"curies":[{"name":"wp","href":"https:\/\/api.w.org\/{rel}","templated":true}]}}